{"id":5154,"date":"2024-01-08T14:53:13","date_gmt":"2024-01-08T13:53:13","guid":{"rendered":"https:\/\/athle-occitanie.fr\/wp\/?p=5154"},"modified":"2024-01-12T10:38:55","modified_gmt":"2024-01-12T09:38:55","slug":"retour-sur-le-stage-elite-2024","status":"publish","type":"post","link":"https:\/\/athle-occitanie.fr\/wp\/retour-sur-le-stage-elite-2024\/","title":{"rendered":"Retour sur le Stage Elite 2024"},"content":{"rendered":"\n<p>Pour pr\u00e9parer au mieux le d\u00e9but de saison des athl\u00e8tes, la Ligue Athl\u00e9tisme d&rsquo;Occitanie a, cette ann\u00e9e encore, organis\u00e9 un stage de pr\u00e9paration aux comp\u00e9titions hivernales, la deuxi\u00e8me semaine des vacances de No\u00ebl, du 03 au 05 janvier 2024. Ce sont donc <strong>80 athl\u00e8tes<\/strong> de toute la r\u00e9gion qui se sont r\u00e9unis \u00e0 Bompas et qui ont \u00e9t\u00e9 entrain\u00e9s par <strong>18 coachs<\/strong> titulaires ou en formation avec le soutien d&rsquo;une <strong>\u00e9quipe de kin\u00e9sith\u00e9rapeutes<\/strong>.<\/p>\n\n\n\n<div class=\"wp-block-columns is-layout-flex wp-container-core-columns-is-layout-28f84493 wp-block-columns-is-layout-flex\">\n<div class=\"wp-block-column is-layout-flow wp-block-column-is-layout-flow\">\n<figure class=\"wp-block-image aligncenter size-full is-resized\"><img fetchpriority=\"high\" decoding=\"async\" width=\"863\" height=\"680\" src=\"https:\/\/athle-occitanie.fr\/wp\/wp-content\/uploads\/2024\/01\/Athle632.png\" alt=\"\" class=\"wp-image-5156\" style=\"width:402px;height:auto\" srcset=\"https:\/\/athle-occitanie.fr\/wp\/wp-content\/uploads\/2024\/01\/Athle632.png 863w, https:\/\/athle-occitanie.fr\/wp\/wp-content\/uploads\/2024\/01\/Athle632-300x236.png 300w, https:\/\/athle-occitanie.fr\/wp\/wp-content\/uploads\/2024\/01\/Athle632-768x605.png 768w, https:\/\/athle-occitanie.fr\/wp\/wp-content\/uploads\/2024\/01\/Athle632-600x473.png 600w\" sizes=\"(max-width: 863px) 100vw, 863px\" \/><\/figure>\n<\/div>\n\n\n\n<div class=\"wp-block-column is-layout-flow wp-block-column-is-layout-flow\">\n<figure class=\"wp-block-image aligncenter size-full is-resized\"><img decoding=\"async\" width=\"640\" height=\"360\" src=\"https:\/\/athle-occitanie.fr\/wp\/wp-content\/uploads\/2024\/01\/Photo-de-group-3.jpg\" alt=\"\" class=\"wp-image-5157\" style=\"width:558px;height:auto\" srcset=\"https:\/\/athle-occitanie.fr\/wp\/wp-content\/uploads\/2024\/01\/Photo-de-group-3.jpg 640w, https:\/\/athle-occitanie.fr\/wp\/wp-content\/uploads\/2024\/01\/Photo-de-group-3-300x169.jpg 300w, https:\/\/athle-occitanie.fr\/wp\/wp-content\/uploads\/2024\/01\/Photo-de-group-3-600x338.jpg 600w\" sizes=\"(max-width: 640px) 100vw, 640px\" \/><\/figure>\n<\/div>\n<\/div>\n\n\n\n<p>Les athl\u00e8tes ont pu \u00eatre r\u00e9partis entre la Halle des Sports de Bompas et le Stade Moulin \u00e0 vent \u00e0 Perpignan selon leurs sp\u00e9cialit\u00e9s pour les 5 entrainements techniques pr\u00e9vus.<\/p>\n\n\n\n<p>Pendant la soir\u00e9e du jeudi 04\/01\/24, Jules Fontaine (<em>Pr\u00e9sident de la Commission M\u00e9dicale<\/em>), a anim\u00e9 une conf\u00e9rence sur le th\u00e8me de la <strong>gestion de la saison et l&rsquo;optimisation du risque de blessures<\/strong>. Le groupe a pu d\u00e9battre sur le sujet et \u00e9changer entre eux.<\/p>\n\n\n\n<p>Nous tenons \u00e0 remercier le Malibu Village pour leur accueil au sein de leur r\u00e9sidence, situ\u00e9 au c\u0153ur d\u2019un parc arbor\u00e9 d\u2019essences m\u00e9diterran\u00e9ennes et exotiques de 13 hectares.<\/p>\n\n\n\n<p><strong><span style=\"text-decoration: underline;\">Retrouvez le compte rendu du stage<\/span><\/strong><span style=\"text-decoration: underline;\"><strong> en cliquant<\/strong><\/span><a href=\"https:\/\/athle-occitanie.fr\/Documents\/STAGES\/BOMPAS%202024\/CR%20Stage%20Bompas%202024.pdf\" data-type=\"link\" data-id=\"https:\/\/athle-occitanie.fr\/Documents\/STAGES\/BOMPAS%202024\/CR%20Stage%20Bompas%202024.pdf\"> <strong>ICI<\/strong><\/a>.<\/p>\n\n\n\n<p><\/p>\n\n\n\n<p>Belle saison hivernale \u00e0 tous les athl\u00e8tes Occitans !<\/p>\n\n\n\n<p><\/p>\n","protected":false},"excerpt":{"rendered":"<p>Pour pr\u00e9parer au mieux le d\u00e9but de saison des athl\u00e8tes, la Ligue Athl\u00e9tisme d&rsquo;Occitanie a, cette ann\u00e9e encore, organis\u00e9 un stage de pr\u00e9paration aux comp\u00e9titions hivernales, la deuxi\u00e8me semaine des [&hellip;]<\/p>\n","protected":false},"author":6,"featured_media":5155,"comment_status":"open","ping_status":"open","sticky":false,"template":"","format":"standard","meta":{"site-sidebar-layout":"default","site-content-layout":"","ast-site-content-layout":"default","site-content-style":"default","site-sidebar-style":"default","ast-global-header-display":"","ast-banner-title-visibility":"","ast-main-header-display":"","ast-hfb-above-header-display":"","ast-hfb-below-header-display":"","ast-hfb-mobile-header-display":"","site-post-title":"","ast-breadcrumbs-content":"","ast-featured-img":"","footer-sml-layout":"","ast-disable-related-posts":"","theme-transparent-header-meta":"","adv-header-id-meta":"","stick-header-meta":"","header-above-stick-meta":"","header-main-stick-meta":"","header-below-stick-meta":"","astra-migrate-meta-layouts":"set","ast-page-background-enabled":"default","ast-page-background-meta":{"desktop":{"background-color":"var(--ast-global-color-4)","background-image":"","background-repeat":"repeat","background-position":"center center","background-size":"auto","background-attachment":"scroll","background-type":"","background-media":"","overlay-type":"","overlay-color":"","overlay-opacity":"","overlay-gradient":""},"tablet":{"background-color":"","background-image":"","background-repeat":"repeat","background-position":"center center","background-size":"auto","background-attachment":"scroll","background-type":"","background-media":"","overlay-type":"","overlay-color":"","overlay-opacity":"","overlay-gradient":""},"mobile":{"background-color":"","background-image":"","background-repeat":"repeat","background-position":"center center","background-size":"auto","background-attachment":"scroll","background-type":"","background-media":"","overlay-type":"","overlay-color":"","overlay-opacity":"","overlay-gradient":""}},"ast-content-background-meta":{"desktop":{"background-color":"var(--ast-global-color-5)","background-image":"","background-repeat":"repeat","background-position":"center center","background-size":"auto","background-attachment":"scroll","background-type":"","background-media":"","overlay-type":"","overlay-color":"","overlay-opacity":"","overlay-gradient":""},"tablet":{"background-color":"var(--ast-global-color-5)","background-image":"","background-repeat":"repeat","background-position":"center center","background-size":"auto","background-attachment":"scroll","background-type":"","background-media":"","overlay-type":"","overlay-color":"","overlay-opacity":"","overlay-gradient":""},"mobile":{"background-color":"var(--ast-global-color-5)","background-image":"","background-repeat":"repeat","background-position":"center center","background-size":"auto","background-attachment":"scroll","background-type":"","background-media":"","overlay-type":"","overlay-color":"","overlay-opacity":"","overlay-gradient":""}},"footnotes":""},"categories":[49],"tags":[],"class_list":["post-5154","post","type-post","status-publish","format-standard","has-post-thumbnail","hentry","category-entraineur"],"jetpack_featured_media_url":"https:\/\/athle-occitanie.fr\/wp\/wp-content\/uploads\/2024\/01\/Photo-de-groupe-2.jpg","publishpress_future_action":{"enabled":false,"date":"2026-05-07 21:53:24","action":"change-status","newStatus":"draft","terms":[],"taxonomy":"category","extraData":[]},"publishpress_future_workflow_manual_trigger":{"enabledWorkflows":[]},"_links":{"self":[{"href":"https:\/\/athle-occitanie.fr\/wp\/wp-json\/wp\/v2\/posts\/5154","targetHints":{"allow":["GET"]}}],"collection":[{"href":"https:\/\/athle-occitanie.fr\/wp\/wp-json\/wp\/v2\/posts"}],"about":[{"href":"https:\/\/athle-occitanie.fr\/wp\/wp-json\/wp\/v2\/types\/post"}],"author":[{"embeddable":true,"href":"https:\/\/athle-occitanie.fr\/wp\/wp-json\/wp\/v2\/users\/6"}],"replies":[{"embeddable":true,"href":"https:\/\/athle-occitanie.fr\/wp\/wp-json\/wp\/v2\/comments?post=5154"}],"version-history":[{"count":4,"href":"https:\/\/athle-occitanie.fr\/wp\/wp-json\/wp\/v2\/posts\/5154\/revisions"}],"predecessor-version":[{"id":5231,"href":"https:\/\/athle-occitanie.fr\/wp\/wp-json\/wp\/v2\/posts\/5154\/revisions\/5231"}],"wp:featuredmedia":[{"embeddable":true,"href":"https:\/\/athle-occitanie.fr\/wp\/wp-json\/wp\/v2\/media\/5155"}],"wp:attachment":[{"href":"https:\/\/athle-occitanie.fr\/wp\/wp-json\/wp\/v2\/media?parent=5154"}],"wp:term":[{"taxonomy":"category","embeddable":true,"href":"https:\/\/athle-occitanie.fr\/wp\/wp-json\/wp\/v2\/categories?post=5154"},{"taxonomy":"post_tag","embeddable":true,"href":"https:\/\/athle-occitanie.fr\/wp\/wp-json\/wp\/v2\/tags?post=5154"}],"curies":[{"name":"wp","href":"https:\/\/api.w.org\/{rel}","templated":true}]}}