{"id":14212,"date":"2026-04-07T16:51:29","date_gmt":"2026-04-07T14:51:29","guid":{"rendered":"https:\/\/athle-occitanie.fr\/wp\/?p=14212"},"modified":"2026-04-07T16:51:29","modified_gmt":"2026-04-07T14:51:29","slug":"luc-la-primaube-au-coeur-de-lassemblee-generale-de-la-ligue","status":"publish","type":"post","link":"https:\/\/athle-occitanie.fr\/wp\/luc-la-primaube-au-coeur-de-lassemblee-generale-de-la-ligue\/","title":{"rendered":"Luc-la-Primaube, au c\u0153ur de l\u2019Assembl\u00e9e G\u00e9n\u00e9rale de la Ligue"},"content":{"rendered":"\n<p> L\u2019Assembl\u00e9e G\u00e9n\u00e9rale de la Ligue d\u2019Athl\u00e9tisme d\u2019Occitanie s\u2019est tenue le 4 avril 2026 \u00e0 Luc-La Primaube dans d\u2019excellentes conditions d\u2019accueil et d\u2019organisation.  La Ligue remercie chaleureusement le club <strong>Luc Primaube Athl\u00e9tisme<\/strong>, section du Stade Rodez Athl\u00e9tisme, ainsi que l\u2019ensemble des b\u00e9n\u00e9voles pour leur accueil et leur engagement, qui ont contribu\u00e9 \u00e0 la r\u00e9ussite de cette journ\u00e9e. Cet \u00e9v\u00e8nement annuel a rassembl\u00e9 <strong>147 clubs repr\u00e9sentant 462 voix<\/strong>, t\u00e9moignant de la forte mobilisation autour des enjeux de l\u2019athl\u00e9tisme en Occitanie. Les \u00e9changes ont permis de dresser le bilan de la saison et d\u2019aborder les perspectives \u00e0 venir, en pr\u00e9sence de N<strong>icolas Paresy, Secr\u00e9taire G\u00e9n\u00e9ral de la F\u00e9d\u00e9ration Fran\u00e7aise<\/strong> <strong>d\u2019Athl\u00e9tisme<\/strong>, qui a r\u00e9pondu aux questions des clubs et apport\u00e9 un \u00e9clairage sur les d\u00e9cisions nationales.<\/p>\n\n\n\n<p>Plusieurs r\u00e9solutions ont \u00e9t\u00e9 soumises au vote et adopt\u00e9es :<\/p>\n\n\n\n<p class=\"has-text-align-center has-vivid-red-color has-text-color has-link-color has-medium-font-size wp-elements-307f60014115187f80191c923765eb27\"><strong>QUORUM<\/strong><\/p>\n\n\n\n<figure class=\"wp-block-table is-style-regular has-medium-font-size\" style=\"padding-top:0;padding-right:0;padding-bottom:0;padding-left:0\"><table class=\"has-ast-global-color-5-background-color has-background has-border-color has-ast-global-color-0-border-color has-fixed-layout\"><tbody><tr><td class=\"has-text-align-center\" data-align=\"center\"><\/td><td class=\"has-text-align-center\" data-align=\"center\"><strong>Pr\u00e9sents<\/strong><\/td><td class=\"has-text-align-center\" data-align=\"center\"><strong>Inscrits<\/strong><\/td><\/tr><tr><td class=\"has-text-align-center\" data-align=\"center\">Clubs<\/td><td class=\"has-text-align-center\" data-align=\"center\">147<\/td><td class=\"has-text-align-center\" data-align=\"center\">223<\/td><\/tr><tr><td class=\"has-text-align-center\" data-align=\"center\">Voix<\/td><td class=\"has-text-align-center\" data-align=\"center\">463<\/td><td class=\"has-text-align-center\" data-align=\"center\">566<\/td><\/tr><\/tbody><\/table><\/figure>\n\n\n\n<p class=\"has-text-align-center has-vivid-red-color has-text-color has-link-color has-medium-font-size wp-elements-18acd313af09008249d1749224138d7f\"><strong>Approbation du PV de l&rsquo;AG 2024 du 05\/04\/2025<\/strong><\/p>\n\n\n\n<figure class=\"wp-block-table has-medium-font-size\"><table class=\"has-border-color has-ast-global-color-0-border-color has-fixed-layout\"><tbody><tr><td class=\"has-text-align-center\" data-align=\"center\"><\/td><td class=\"has-text-align-center\" data-align=\"center\"><strong>Nombre<\/strong><\/td><td class=\"has-text-align-center\" data-align=\"center\"><strong>% Voix exprim\u00e9es<\/strong><\/td><\/tr><tr><td class=\"has-text-align-center\" data-align=\"center\"><em>Oui<\/em><\/td><td class=\"has-text-align-center\" data-align=\"center\">413<\/td><td class=\"has-text-align-center\" data-align=\"center\">90,17%<\/td><\/tr><tr><td class=\"has-text-align-center\" data-align=\"center\"><em>Non<\/em><\/td><td class=\"has-text-align-center\" data-align=\"center\">18<\/td><td class=\"has-text-align-center\" data-align=\"center\">3,93%<\/td><\/tr><tr><td class=\"has-text-align-center\" data-align=\"center\"><em>Abstention<\/em><\/td><td class=\"has-text-align-center\" data-align=\"center\">27<\/td><td class=\"has-text-align-center\" data-align=\"center\">5,90%<\/td><\/tr><tr><td class=\"has-text-align-center\" data-align=\"center\" colspan=\"2\"><strong>145 votants pour un total de voix exprim\u00e9es de\u00a0<\/strong><\/td><td class=\"has-text-align-center\" data-align=\"center\"><strong>458<\/strong><\/td><\/tr><\/tbody><\/table><\/figure>\n\n\n\n<p class=\"has-text-align-center has-vivid-red-color has-text-color has-link-color wp-elements-6e3d00a5cbacbbcb3948a45a82ae167c\"><strong>Approbation des comptes de l&rsquo;exercice 2025<\/strong><\/p>\n\n\n\n<figure class=\"wp-block-table has-medium-font-size\"><table class=\"has-border-color has-ast-global-color-0-border-color has-fixed-layout\"><tbody><tr><td class=\"has-text-align-center\" data-align=\"center\"><\/td><td class=\"has-text-align-center\" data-align=\"center\"><strong>Nombre<\/strong><\/td><td class=\"has-text-align-center\" data-align=\"center\"><strong>% Voix exprim\u00e9es<\/strong><\/td><\/tr><tr><td class=\"has-text-align-center\" data-align=\"center\"><em>Pour<\/em><\/td><td class=\"has-text-align-center\" data-align=\"center\">394<\/td><td class=\"has-text-align-center\" data-align=\"center\">86,98%<\/td><\/tr><tr><td class=\"has-text-align-center\" data-align=\"center\"><em>Contre<\/em><\/td><td class=\"has-text-align-center\" data-align=\"center\">27<\/td><td class=\"has-text-align-center\" data-align=\"center\">5,96%<\/td><\/tr><tr><td class=\"has-text-align-center\" data-align=\"center\"><em>Abstention<\/em><\/td><td class=\"has-text-align-center\" data-align=\"center\">32<\/td><td class=\"has-text-align-center\" data-align=\"center\">7,06%<\/td><\/tr><tr><td class=\"has-text-align-center\" data-align=\"center\" colspan=\"2\"><strong>145 votants pour un total de voix exprim\u00e9es de\u00a0<\/strong><\/td><td class=\"has-text-align-center\" data-align=\"center\"><strong>453<\/strong><\/td><\/tr><\/tbody><\/table><\/figure>\n\n\n\n<p class=\"has-text-align-center has-vivid-red-color has-text-color has-link-color has-medium-font-size wp-elements-dfc90bac5289d795ca6dcd4aba8cccff\"><strong>Affectation du r\u00e9sultat au compte de r\u00e9serves<\/strong><\/p>\n\n\n\n<figure class=\"wp-block-table has-medium-font-size\"><table class=\"has-border-color has-ast-global-color-0-border-color has-fixed-layout\"><tbody><tr><td class=\"has-text-align-center\" data-align=\"center\"><\/td><td class=\"has-text-align-center\" data-align=\"center\"><strong>Nombre<\/strong><\/td><td class=\"has-text-align-center\" data-align=\"center\"><strong>% Voix exprim\u00e9es<\/strong><\/td><\/tr><tr><td class=\"has-text-align-center\" data-align=\"center\"><em>Pour<\/em><\/td><td class=\"has-text-align-center\" data-align=\"center\">397<\/td><td class=\"has-text-align-center\" data-align=\"center\">88,42%<\/td><\/tr><tr><td class=\"has-text-align-center\" data-align=\"center\"><em>Contre<\/em><\/td><td class=\"has-text-align-center\" data-align=\"center\">20<\/td><td class=\"has-text-align-center\" data-align=\"center\">4,45%<\/td><\/tr><tr><td class=\"has-text-align-center\" data-align=\"center\"><em>Abstention<\/em><\/td><td class=\"has-text-align-center\" data-align=\"center\">32<\/td><td class=\"has-text-align-center\" data-align=\"center\">7,13%<\/td><\/tr><tr><td class=\"has-text-align-center\" data-align=\"center\" colspan=\"2\"><strong>142 votants pour un total de voix exprim\u00e9es de\u00a0<\/strong><\/td><td class=\"has-text-align-center\" data-align=\"center\"><strong>449<\/strong><\/td><\/tr><\/tbody><\/table><\/figure>\n\n\n\n<p class=\"has-text-align-center has-vivid-red-color has-text-color has-link-color has-medium-font-size wp-elements-de0dd99521edb00b272fbdf33082a7b3\"><strong>Approbation du budget pr\u00e9visionnel 2026<\/strong><\/p>\n\n\n\n<figure class=\"wp-block-table has-medium-font-size\"><table class=\"has-border-color has-ast-global-color-0-border-color has-fixed-layout\"><tbody><tr><td class=\"has-text-align-center\" data-align=\"center\"><\/td><td class=\"has-text-align-center\" data-align=\"center\"><strong>Nombre<\/strong><\/td><td class=\"has-text-align-center\" data-align=\"center\"><strong>% Voix exprim\u00e9es<\/strong><\/td><\/tr><tr><td class=\"has-text-align-center\" data-align=\"center\"><em>Pour<\/em><\/td><td class=\"has-text-align-center\" data-align=\"center\">330<\/td><td class=\"has-text-align-center\" data-align=\"center\">73,50%<\/td><\/tr><tr><td class=\"has-text-align-center\" data-align=\"center\"><em>Contre<\/em><\/td><td class=\"has-text-align-center\" data-align=\"center\">79<\/td><td class=\"has-text-align-center\" data-align=\"center\">17,59%<\/td><\/tr><tr><td class=\"has-text-align-center\" data-align=\"center\"><em>Abstention<\/em><\/td><td class=\"has-text-align-center\" data-align=\"center\">40<\/td><td class=\"has-text-align-center\" data-align=\"center\">8,91%<\/td><\/tr><tr><td class=\"has-text-align-center\" data-align=\"center\" colspan=\"2\"><strong>144 votants pour un total de voix exprim\u00e9es de\u00a0<\/strong><\/td><td class=\"has-text-align-center\" data-align=\"center\"><strong>449<\/strong><\/td><\/tr><\/tbody><\/table><\/figure>\n\n\n\n<p class=\"has-text-align-center has-vivid-red-color has-text-color has-link-color has-medium-font-size wp-elements-f01af8f80a601c28c8962f5b53b89c89\"><strong>Election des membres de la Commission de Contr\u00f4le des Finances<\/strong><\/p>\n\n\n\n<figure class=\"wp-block-table has-medium-font-size\"><table class=\"has-border-color has-ast-global-color-0-border-color has-fixed-layout\"><tbody><tr><td class=\"has-text-align-center\" data-align=\"center\"><\/td><td class=\"has-text-align-center\" data-align=\"center\"><strong>Nombre<\/strong><\/td><td class=\"has-text-align-center\" data-align=\"center\"><strong>% Voix exprim\u00e9es<\/strong><\/td><\/tr><tr><td class=\"has-text-align-center\" data-align=\"center\"><em>Denis AUTIER<\/em><\/td><td class=\"has-text-align-center\" data-align=\"center\">409<\/td><td class=\"has-text-align-center\" data-align=\"center\">92,33%<\/td><\/tr><tr><td class=\"has-text-align-center\" data-align=\"center\"><em>Elian MASVIEL\u00a0<\/em><\/td><td class=\"has-text-align-center\" data-align=\"center\">369<\/td><td class=\"has-text-align-center\" data-align=\"center\">83,30%<\/td><\/tr><tr><td class=\"has-text-align-center\" data-align=\"center\"><em>Jean-Michel MENETRIER<\/em><\/td><td class=\"has-text-align-center\" data-align=\"center\">356<\/td><td class=\"has-text-align-center\" data-align=\"center\">80,36%<\/td><\/tr><tr><td class=\"has-text-align-center\" data-align=\"center\" colspan=\"2\"><strong>141 votants pour un total de voix exprim\u00e9es de\u00a0<\/strong><\/td><td class=\"has-text-align-center\" data-align=\"center\"><strong>443<\/strong><\/td><\/tr><\/tbody><\/table><\/figure>\n\n\n\n<p>\u00c0 l\u2019issue des votes, <strong>Denis Autier, Elian Masviel et Jean-Michel M\u00e9n\u00e9trier <\/strong>ont \u00e9t\u00e9 r\u00e9\u00e9lus au sein de la <strong>Commission de Contr\u00f4le des Finances<\/strong>.<\/p>\n\n\n\n<p>La Ligue remercie l\u2019ensemble des clubs et les repr\u00e9sentants des d\u00e9partements pr\u00e9sents, pour leur participation active aux \u00e9changes tout au long de cette assembl\u00e9e. Elle f\u00e9licite \u00e9galement les m\u00e9daill\u00e9s, justement r\u00e9compens\u00e9s par la FFA pour leur engagement remarquable au service de l\u2019athl\u00e9tisme.<\/p>\n\n\n\n<p>Alors que la saison est d\u00e9sormais lanc\u00e9e, la Ligue d\u2019Athl\u00e9tisme d\u2019Occitanie souhaite \u00e0 toutes et \u00e0 tous une excellente saison estivale, riche en performances, en r\u00e9ussites sportives et en moments de partage sur les stades !<\/p>\n\n\n\n<div class=\"wp-block-jetpack-slideshow aligncenter\" data-effect=\"slide\" style=\"--aspect-ratio:calc(1024 \/ 488)\"><div class=\"wp-block-jetpack-slideshow_container swiper\"><ul class=\"wp-block-jetpack-slideshow_swiper-wrapper swiper-wrapper\"><li class=\"wp-block-jetpack-slideshow_slide swiper-slide\"><figure><img fetchpriority=\"high\" decoding=\"async\" width=\"1024\" height=\"488\" alt=\"\" class=\"wp-block-jetpack-slideshow_image wp-image-14216\" data-id=\"14216\" data-aspect-ratio=\"1024 \/ 488\" src=\"https:\/\/athle-occitanie.fr\/wp\/wp-content\/uploads\/2026\/04\/7c11c229-29b0-4c16-954a-4b015f09b8ec-1024x488.webp\" srcset=\"https:\/\/athle-occitanie.fr\/wp\/wp-content\/uploads\/2026\/04\/7c11c229-29b0-4c16-954a-4b015f09b8ec-1024x488.webp 1024w, https:\/\/athle-occitanie.fr\/wp\/wp-content\/uploads\/2026\/04\/7c11c229-29b0-4c16-954a-4b015f09b8ec-300x143.webp 300w, https:\/\/athle-occitanie.fr\/wp\/wp-content\/uploads\/2026\/04\/7c11c229-29b0-4c16-954a-4b015f09b8ec-768x366.webp 768w, https:\/\/athle-occitanie.fr\/wp\/wp-content\/uploads\/2026\/04\/7c11c229-29b0-4c16-954a-4b015f09b8ec-600x286.png 600w, https:\/\/athle-occitanie.fr\/wp\/wp-content\/uploads\/2026\/04\/7c11c229-29b0-4c16-954a-4b015f09b8ec.webp 1170w\" sizes=\"(max-width: 1024px) 100vw, 1024px\" \/><\/figure><\/li><li class=\"wp-block-jetpack-slideshow_slide swiper-slide\"><figure><img decoding=\"async\" alt=\"\" class=\"wp-block-jetpack-slideshow_image wp-image-14215\" data-id=\"14215\" data-aspect-ratio=\"1024 \/ 768\" src=\"https:\/\/athle-occitanie.fr\/wp\/wp-content\/uploads\/2026\/04\/0d2ac257-9eab-4254-80c6-7e3b5fc47741-1024x768.png\"\/><\/figure><\/li><li class=\"wp-block-jetpack-slideshow_slide swiper-slide\"><figure><img decoding=\"async\" alt=\"\" class=\"wp-block-jetpack-slideshow_image wp-image-14217\" data-id=\"14217\" data-aspect-ratio=\"1024 \/ 768\" src=\"https:\/\/athle-occitanie.fr\/wp\/wp-content\/uploads\/2026\/04\/029e623e-af38-4e4c-9256-29c0da80b5b1-1024x768.png\"\/><\/figure><\/li><li class=\"wp-block-jetpack-slideshow_slide swiper-slide\"><figure><img decoding=\"async\" alt=\"\" class=\"wp-block-jetpack-slideshow_image wp-image-14218\" data-id=\"14218\" data-aspect-ratio=\"1024 \/ 768\" src=\"https:\/\/athle-occitanie.fr\/wp\/wp-content\/uploads\/2026\/04\/36e67c56-4f6c-4076-9685-b1f506dec619-1024x768.png\"\/><\/figure><\/li><li class=\"wp-block-jetpack-slideshow_slide swiper-slide\"><figure><img decoding=\"async\" alt=\"\" class=\"wp-block-jetpack-slideshow_image wp-image-14219\" data-id=\"14219\" data-aspect-ratio=\"1024 \/ 768\" src=\"https:\/\/athle-occitanie.fr\/wp\/wp-content\/uploads\/2026\/04\/f729a107-80df-4bd5-ab97-94966ac1cdc1-1024x768.png\"\/><\/figure><\/li><\/ul><a class=\"wp-block-jetpack-slideshow_button-prev swiper-button-prev swiper-button-white\" role=\"button\"><\/a><a class=\"wp-block-jetpack-slideshow_button-next swiper-button-next swiper-button-white\" role=\"button\"><\/a><a aria-label=\"Pause Slideshow\" class=\"wp-block-jetpack-slideshow_button-pause\" role=\"button\"><\/a><div class=\"wp-block-jetpack-slideshow_pagination swiper-pagination swiper-pagination-white\"><\/div><\/div><\/div>\n\n\n\n<p><\/p>\n","protected":false},"excerpt":{"rendered":"<p>L\u2019Assembl\u00e9e G\u00e9n\u00e9rale de la Ligue d\u2019Athl\u00e9tisme d\u2019Occitanie s\u2019est tenue le 4 avril 2026 \u00e0 Luc-La Primaube dans d\u2019excellentes conditions d\u2019accueil et d\u2019organisation. La Ligue remercie chaleureusement le club Luc Primaube [&hellip;]<\/p>\n","protected":false},"author":6,"featured_media":14221,"comment_status":"open","ping_status":"open","sticky":false,"template":"","format":"standard","meta":{"site-sidebar-layout":"default","site-content-layout":"","ast-site-content-layout":"default","site-content-style":"default","site-sidebar-style":"default","ast-global-header-display":"","ast-banner-title-visibility":"","ast-main-header-display":"","ast-hfb-above-header-display":"","ast-hfb-below-header-display":"","ast-hfb-mobile-header-display":"","site-post-title":"","ast-breadcrumbs-content":"","ast-featured-img":"","footer-sml-layout":"","ast-disable-related-posts":"","theme-transparent-header-meta":"","adv-header-id-meta":"","stick-header-meta":"","header-above-stick-meta":"","header-main-stick-meta":"","header-below-stick-meta":"","astra-migrate-meta-layouts":"set","ast-page-background-enabled":"default","ast-page-background-meta":{"desktop":{"background-color":"var(--ast-global-color-4)","background-image":"","background-repeat":"repeat","background-position":"center center","background-size":"auto","background-attachment":"scroll","background-type":"","background-media":"","overlay-type":"","overlay-color":"","overlay-opacity":"","overlay-gradient":""},"tablet":{"background-color":"","background-image":"","background-repeat":"repeat","background-position":"center center","background-size":"auto","background-attachment":"scroll","background-type":"","background-media":"","overlay-type":"","overlay-color":"","overlay-opacity":"","overlay-gradient":""},"mobile":{"background-color":"","background-image":"","background-repeat":"repeat","background-position":"center center","background-size":"auto","background-attachment":"scroll","background-type":"","background-media":"","overlay-type":"","overlay-color":"","overlay-opacity":"","overlay-gradient":""}},"ast-content-background-meta":{"desktop":{"background-color":"var(--ast-global-color-5)","background-image":"","background-repeat":"repeat","background-position":"center center","background-size":"auto","background-attachment":"scroll","background-type":"","background-media":"","overlay-type":"","overlay-color":"","overlay-opacity":"","overlay-gradient":""},"tablet":{"background-color":"var(--ast-global-color-5)","background-image":"","background-repeat":"repeat","background-position":"center center","background-size":"auto","background-attachment":"scroll","background-type":"","background-media":"","overlay-type":"","overlay-color":"","overlay-opacity":"","overlay-gradient":""},"mobile":{"background-color":"var(--ast-global-color-5)","background-image":"","background-repeat":"repeat","background-position":"center center","background-size":"auto","background-attachment":"scroll","background-type":"","background-media":"","overlay-type":"","overlay-color":"","overlay-opacity":"","overlay-gradient":""}},"footnotes":""},"categories":[4],"tags":[],"class_list":["post-14212","post","type-post","status-publish","format-standard","has-post-thumbnail","hentry","category-la_ligue"],"jetpack_featured_media_url":"https:\/\/athle-occitanie.fr\/wp\/wp-content\/uploads\/2026\/04\/BANNIERE-ARTICLE-9.webp","publishpress_future_action":{"enabled":false,"date":"2026-05-06 05:57:29","action":"change-status","newStatus":"draft","terms":[],"taxonomy":"category","extraData":[]},"publishpress_future_workflow_manual_trigger":{"enabledWorkflows":[]},"_links":{"self":[{"href":"https:\/\/athle-occitanie.fr\/wp\/wp-json\/wp\/v2\/posts\/14212","targetHints":{"allow":["GET"]}}],"collection":[{"href":"https:\/\/athle-occitanie.fr\/wp\/wp-json\/wp\/v2\/posts"}],"about":[{"href":"https:\/\/athle-occitanie.fr\/wp\/wp-json\/wp\/v2\/types\/post"}],"author":[{"embeddable":true,"href":"https:\/\/athle-occitanie.fr\/wp\/wp-json\/wp\/v2\/users\/6"}],"replies":[{"embeddable":true,"href":"https:\/\/athle-occitanie.fr\/wp\/wp-json\/wp\/v2\/comments?post=14212"}],"version-history":[{"count":15,"href":"https:\/\/athle-occitanie.fr\/wp\/wp-json\/wp\/v2\/posts\/14212\/revisions"}],"predecessor-version":[{"id":14234,"href":"https:\/\/athle-occitanie.fr\/wp\/wp-json\/wp\/v2\/posts\/14212\/revisions\/14234"}],"wp:featuredmedia":[{"embeddable":true,"href":"https:\/\/athle-occitanie.fr\/wp\/wp-json\/wp\/v2\/media\/14221"}],"wp:attachment":[{"href":"https:\/\/athle-occitanie.fr\/wp\/wp-json\/wp\/v2\/media?parent=14212"}],"wp:term":[{"taxonomy":"category","embeddable":true,"href":"https:\/\/athle-occitanie.fr\/wp\/wp-json\/wp\/v2\/categories?post=14212"},{"taxonomy":"post_tag","embeddable":true,"href":"https:\/\/athle-occitanie.fr\/wp\/wp-json\/wp\/v2\/tags?post=14212"}],"curies":[{"name":"wp","href":"https:\/\/api.w.org\/{rel}","templated":true}]}}