{"id":13812,"date":"2026-02-16T16:35:24","date_gmt":"2026-02-16T15:35:24","guid":{"rendered":"https:\/\/athle-occitanie.fr\/wp\/?p=13812"},"modified":"2026-02-16T17:31:30","modified_gmt":"2026-02-16T16:31:30","slug":"uzes-lance-la-bataille-des-france-retour-sur-les-demi-finale-de-cross-country-en-occitanie","status":"publish","type":"post","link":"https:\/\/athle-occitanie.fr\/wp\/uzes-lance-la-bataille-des-france-retour-sur-les-demi-finale-de-cross-country-en-occitanie\/","title":{"rendered":"Uz\u00e8s au c\u0153ur des demi-finales occitanes de cross-country"},"content":{"rendered":"\n<p>Le 15 f\u00e9vrier 2026, la ville d&rsquo;Uz\u00e8s a accueilli les demi-finales des Championnats de France de Cross-Country, rassemblant 1 240 athl\u00e8tes venus de toute l\u2019Occitanie avec en ligne de mire une qualification pour les Championnats de France \u00e0 Carhaix-Plouguer.<\/p>\n\n\n\n<h5 class=\"wp-block-heading has-vivid-red-color has-text-color has-link-color wp-elements-11c5ebb5aa97dbeaf158d100acf3b897\"><strong>Classement des Clubs<\/strong><\/h5>\n\n\n\n<p>Du cot\u00e9 du <strong>classement des clubs<\/strong> <strong>au nombre de m\u00e9dailles <\/strong>remport\u00e9es (en individuels et par \u00e9quipe) le podium est constitu\u00e9 de : <\/p>\n\n\n\n<ul class=\"wp-block-list\">\n<li><strong>Grand Toulouse Athl\u00e9tisme<\/strong> avec 12 m\u00e9dailles d\u2019or et 21 m\u00e9dailles au total<\/li>\n\n\n\n<li><strong>Ales C\u00e9vennes Athl\u00e9tisme Agglom\u00e9ration <\/strong>avec 8 m\u00e9dailles d\u2019or et 16 au total<\/li>\n\n\n\n<li><strong>L\u2019Athl\u00e9tic Club Font-Romeu<\/strong> compl\u00e8te le podium avec 2 m\u00e9dailles d\u2019or et 7 au total<\/li>\n<\/ul>\n\n\n\n<h5 class=\"wp-block-heading has-vivid-red-color has-text-color has-link-color wp-elements-b18e750b20a46bc1b0f2acf6bd4fda83\"><strong>S\u00e9lection Equipes Minimes (U16)<\/strong><\/h5>\n\n\n\n<p>Lors de ce dimanche de cross la ligue a \u00e9galement s\u00e9lectionn\u00e9 l\u2019\u00e9quipe U16 qui repr\u00e9sentera notre r\u00e9gion lors de la Coupe de France des ligues sur le parcours exigeant de Carhaix en Bretagne les 7 et 8 mars prochain. Les 8 premiers gar\u00e7ons et les 8 premi\u00e8res filles \u00e0 l\u2019issue de ce championnat r\u00e9gional constituera l&rsquo;\u00e9quipe Minimes de l&rsquo;Occitanie.<\/p>\n\n\n\n<figure class=\"wp-block-table\"><table class=\"has-border-color has-ast-global-color-0-border-color has-fixed-layout\" style=\"border-style:solid;border-width:4px\"><tbody><tr><td class=\"has-text-align-left\" data-align=\"left\"><strong><mark style=\"background-color:rgba(0, 0, 0, 0)\" class=\"has-inline-color has-ast-global-color-0-color\">MINIMES GARCONS<\/mark><\/strong><\/td><td class=\"has-text-align-left\" data-align=\"left\"><mark style=\"background-color:rgba(0, 0, 0, 0)\" class=\"has-inline-color has-ast-global-color-0-color\"><strong>MINIMES FILLES<\/strong><\/mark><\/td><\/tr><tr><td class=\"has-text-align-left\" data-align=\"left\">1er &#8211; Ahmed RAMI \u2013 <em>Union Sud Athl\u00e9tisme 30<\/em><\/td><td class=\"has-text-align-left\" data-align=\"left\">1\u00e8re &#8211; L\u00e9a GOBERT &#8211; <em>Athletic Club Font-Romeu<\/em><\/td><\/tr><tr><td class=\"has-text-align-left\" data-align=\"left\">2\u00e8me &#8211; Thomas SENTOST \u2013 <em>Grand Toulouse Athl\u00e9tisme<\/em>*<\/td><td class=\"has-text-align-left\" data-align=\"left\">2\u00e8me &#8211; Kenza MOURABIT &#8211;<em> Montpellier Athletic M\u00e9diterran\u00e9e<\/em><\/td><\/tr><tr><td class=\"has-text-align-left\" data-align=\"left\">3\u00e8me &#8211; Cl\u00e9ment JUFFIN \u2013<em> Rib\u00e9ral AC<\/em><\/td><td class=\"has-text-align-left\" data-align=\"left\">3\u00e8me &#8211; Leona ABRAHAM &#8211; <em>Muret AC<\/em><\/td><\/tr><tr><td class=\"has-text-align-left\" data-align=\"left\">4\u00e8me &#8211; Gabriel DJOUAL &#8211; <em>Grand Toulouse Athletisme<\/em>*<\/td><td class=\"has-text-align-left\" data-align=\"left\">4\u00e8me &#8211; Charlotte BOUSSAC &#8211;<em> Grand Toulouse Athletisme*<\/em><\/td><\/tr><tr><td class=\"has-text-align-left\" data-align=\"left\">5\u00e8me &#8211; Hugo GAIGNEUR &#8211; <em>Grand Toulouse Athletisme<\/em>*<\/td><td class=\"has-text-align-left\" data-align=\"left\">5\u00e8me &#8211; Lison MAUGER &#8211;<em> Athle 65 Lourdes Pays Des Gaves<\/em><\/td><\/tr><tr><td class=\"has-text-align-left\" data-align=\"left\">6\u00e8me &#8211; Pablo ABADIE &#8211; <em>Montauban Athletisme<\/em><\/td><td class=\"has-text-align-left\" data-align=\"left\">6\u00e8me &#8211; Mathilde BADOR &#8211; <em>Grand Toulouse Athletisme*<\/em><\/td><\/tr><tr><td class=\"has-text-align-left\" data-align=\"left\">7\u00e8me &#8211; Sacha PECOULT &#8211; <em>Athle Tarn Nord*<\/em><\/td><td class=\"has-text-align-left\" data-align=\"left\">7\u00e8me &#8211; Chlo\u00e9 MARESTIN &#8211; <em>Union Athletique Occitane 31*<\/em><\/td><\/tr><tr><td class=\"has-text-align-left\" data-align=\"left\">8\u00e8me &#8211; Audran BILOT &#8211; <em>Montpellier Athletic M\u00e9diterran\u00e9e<\/em><\/td><td class=\"has-text-align-left\" data-align=\"left\">8\u00e8me &#8211; GAMIETTE Anna &#8211; <em>Villefranche Athle Lauragais 31<\/em><\/td><\/tr><\/tbody><\/table><\/figure>\n\n\n\n<h5 class=\"wp-block-heading has-vivid-red-color has-text-color has-link-color wp-elements-e346c04ce5f1d85aa1380cc614072d2a\">Les Podiums des courses<\/h5>\n\n\n\n<h6 class=\"wp-block-heading\"><mark style=\"background-color:rgba(0, 0, 0, 0)\" class=\"has-inline-color has-ast-global-color-0-color\">Les Champions Masters mis \u00e0 l\u2019honneur <\/mark><\/h6>\n\n\n\n<p>L&rsquo;\u00e9quipe d&rsquo;Ales Cevennes Athl\u00e9tisme sacr\u00e9 champion d&rsquo;Occitanie avec 18pts au total. <\/p>\n\n\n\n<ul class=\"wp-block-list\">\n<li><strong>M1M<\/strong> : Eddy BARAS \u2013 <em>Al\u00e8s C\u00e9vennes Athl\u00e9tisme Agglom\u00e9ration<\/em><\/li>\n\n\n\n<li><strong>M2M<\/strong> : El Hassane BEN LKHAINOUCH \u2013 <em>Al\u00e8s C\u00e9vennes Athl\u00e9tisme Agglom\u00e9ration<\/em><\/li>\n\n\n\n<li><strong>M3M<\/strong> : Beno\u00eet DUNET \u2013 <em>Stade Rodez Athl\u00e9tisme<\/em><\/li>\n\n\n\n<li><strong>M4M<\/strong> : Habib BENNAMA \u2013 <em>Athl\u00e9 Tarn Passion<\/em><\/li>\n\n\n\n<li><strong>M5M<\/strong> : Lakdar SOUALAH \u2013 <em>Athl\u00e9tisme et Course Nature Anduze<\/em><\/li>\n\n\n\n<li><strong>M6M<\/strong> : \u00c9ric MATON \u2013 <em>Union Sud Athl\u00e9tisme 30<\/em><\/li>\n\n\n\n<li><strong>M7M<\/strong> : Christian DURAND \u2013 <em>MC N\u00eemes<\/em><\/li>\n<\/ul>\n\n\n\n<ul class=\"wp-block-list\">\n<li><strong>M0F<\/strong> : Khadija BOUDJELLOULI \u2013<em> SATUC Toulouse Athl\u00e9<\/em><\/li>\n\n\n\n<li><strong>M1F<\/strong> : Anne GAMBAROTTO \u2013 <em>Courir \u00e0 Beaucaire<\/em><\/li>\n\n\n\n<li><strong>M2F<\/strong> : Delphine PY-BILOT \u2013 <em>Al\u00e8s C\u00e9vennes Athl\u00e9tisme Agglom\u00e9ration<\/em><\/li>\n\n\n\n<li><strong>M3F<\/strong> : Laurence SANTANAC \u2013 <em>Athl\u00e9 11<\/em><\/li>\n\n\n\n<li><strong>M4F<\/strong> : Maud RESPAUD \u2013 <em>Saint Mathieu Athletic Pic Saint Loup<\/em><\/li>\n\n\n\n<li><strong>M5F<\/strong> : Gyptis DEPESTEL \u2013 <em>Montpellier Athletic M\u00e9diterran\u00e9e M\u00e9tropole<\/em><\/li>\n\n\n\n<li><strong>M6F<\/strong> : Nassera DHEILLY \u2013 <em>Colomiers Running Club<\/em><\/li>\n\n\n\n<li><strong>M8F<\/strong> : Mireille PY \u2013 <em>Montpellier Athletic M\u00e9diterran\u00e9e M\u00e9tropole<\/em><\/li>\n<\/ul>\n\n\n\n<p><mark style=\"background-color:rgba(0, 0, 0, 0)\" class=\"has-inline-color has-ast-global-color-0-color\"><strong>Les Podiums du Cross Court<\/strong> <\/mark><\/p>\n\n\n\n<p><em>Toute Cat\u00e9gorie F\u00e9minin : <\/em><\/p>\n\n\n\n<ul class=\"wp-block-list\">\n<li><strong>1\u00e8re<\/strong> &#8211; Louise BAILLY \u2013 <em>Grand Toulouse Athl\u00e9tisme<\/em><\/li>\n\n\n\n<li><strong>2\u00e8me<\/strong> &#8211; Justine JACQUOT \u2013<em>Loupian Tri Nature<\/em><\/li>\n\n\n\n<li><strong>3\u00e8me<\/strong> &#8211; Margaux BONTANT \u2013 <em>SATUC Toulouse Athl\u00e9<\/em><\/li>\n<\/ul>\n\n\n\n<p><em>Cat\u00e9gorie Espoir F\u00e9minin : <\/em><\/p>\n\n\n\n<ul class=\"wp-block-list\">\n<li><strong>1\u00e8re<\/strong> &#8211; Louise BAILLY \u2013 <em>Grand Toulouse Athl\u00e9tisme<\/em><\/li>\n\n\n\n<li><strong>2\u00e8me<\/strong> &#8211; Jade YVARS  \u2013<em> Athle 66*<\/em><\/li>\n\n\n\n<li><strong>3\u00e8me <\/strong>&#8211; Maelle TREMOLIERES \u2013 <em>Stade Rodez Athl\u00e9tisme*<\/em><\/li>\n<\/ul>\n\n\n\n<p><mark style=\"background-color:rgba(0, 0, 0, 0)\" class=\"has-inline-color has-ast-global-color-0-color\"><strong>Les Podiums du Cross Long<\/strong> <\/mark><\/p>\n\n\n\n<p><em>Toute Cat\u00e9gorie F\u00e9minin : <\/em><\/p>\n\n\n\n<ul class=\"wp-block-list\">\n<li><strong>1\u00e8re<\/strong> &#8211; Sarah HASNI \u2013 <em>Al\u00e8s C\u00e9vennes Athl\u00e9tisme Agglom\u00e9ration<\/em><\/li>\n\n\n\n<li><strong>2\u00e8me<\/strong> &#8211; Alice MUGNIER \u2013 <em>Satuc Toulouse Athl\u00e9<\/em><\/li>\n\n\n\n<li><strong>3\u00e8me<\/strong> &#8211; Fiona CORNET \u2013 <em>Al\u00e8s C\u00e9vennes Athl\u00e9tisme Agglom\u00e9ration<\/em><\/li>\n<\/ul>\n\n\n\n<p><em><em>Cat\u00e9gorie Espoir F\u00e9minin : <\/em><\/em><\/p>\n\n\n\n<ul class=\"wp-block-list\">\n<li><strong>1\u00e8re<\/strong> &#8211; Alice MUGNIER \u2013 <em><em>Satuc Toulouse Athl\u00e9<\/em><\/em><\/li>\n\n\n\n<li><strong>2\u00e8me<\/strong> &#8211; Marine VALETTE<em> &#8211; Union Sud Athl\u00e9tisme 30*<\/em><\/li>\n\n\n\n<li><strong>3\u00e8me<\/strong> &#8211; Maiwenn BERLIVET &#8211; <em>Al\u00e8s C\u00e9vennes Athl\u00e9tisme Agglom\u00e9ration<\/em><\/li>\n<\/ul>\n\n\n\n<p><em>Toute Cat\u00e9gorie Masculin : <\/em><\/p>\n\n\n\n<ul class=\"wp-block-list\">\n<li><strong>1er<\/strong> &#8211; Corentin CAPELIER \u2013 <em>Athl\u00e9tisme Loz\u00e8re<\/em><\/li>\n\n\n\n<li><strong>2\u00e8me<\/strong> &#8211; Maxime BARGETTO \u2013 <em>Al\u00e8s C\u00e9vennes Athl\u00e9tisme Agglom\u00e9ration<\/em><\/li>\n\n\n\n<li><strong>3\u00e8me<\/strong> &#8211; Thomas TEOFILI \u2013 <em>Grand Toulouse Athl\u00e9tisme<\/em><\/li>\n<\/ul>\n\n\n\n<p><em>Cat\u00e9gorie Master 0 Masculin : <\/em><\/p>\n\n\n\n<ul class=\"wp-block-list\">\n<li><strong>1er<\/strong> &#8211; Maxime BARGETTO \u2013 <em>Al\u00e8s C\u00e9vennes Athl\u00e9tisme Agglom\u00e9ration<\/em><\/li>\n\n\n\n<li><strong>2\u00e8me <\/strong>&#8211; Jeremy QUINDOS &#8211; <em>Al\u00e8s C\u00e9vennes Athl\u00e9tisme Agglom\u00e9ration<\/em><\/li>\n\n\n\n<li><strong>3\u00e8me<\/strong> &#8211; Amin BOUKEBAL &#8211; <em>Grand Toulouse Athl\u00e9tisme<\/em><\/li>\n<\/ul>\n\n\n\n<p><em><em>Cat\u00e9gorie Espoir Masculin : <\/em><\/em><\/p>\n\n\n\n<ul class=\"wp-block-list\">\n<li><strong>1er<\/strong> &#8211; CARRE Aurelien \u2013 <em>Grand Toulouse Athl\u00e9tisme<\/em><\/li>\n\n\n\n<li><strong>2\u00e8me<\/strong> &#8211; Antoine PUYDEBOIS \u2013 <em><em>Grand Toulouse Athl\u00e9tisme<\/em><\/em><\/li>\n\n\n\n<li><strong>3\u00e8me<\/strong> &#8211; DESMIER Loup \u2013 <em>Satuc Toulouse Athle<\/em><\/li>\n<\/ul>\n\n\n\n<p><mark style=\"background-color:rgba(0, 0, 0, 0)\" class=\"has-inline-color has-ast-global-color-0-color\"><strong>Les Podium<\/strong><\/mark><strong><mark style=\"background-color:rgba(0, 0, 0, 0)\" class=\"has-inline-color has-ast-global-color-0-color\">s U18<\/mark><\/strong><\/p>\n\n\n\n<p><em>Cat\u00e9gorie Cadette<\/em><\/p>\n\n\n\n<ul class=\"wp-block-list\">\n<li><strong>1\u00e8re <\/strong>&#8211; Clara DRAPEAU \u2013 <em>Grand Toulouse Athl\u00e9tisme<\/em><\/li>\n\n\n\n<li><strong>2\u00e8me<\/strong> &#8211; Mathilde DESBARATS \u2013 <em>Athletic Club Font-Romeu<\/em><\/li>\n\n\n\n<li><strong>3\u00e8me<\/strong> &#8211; Judith CHALAMEL \u2013 <em>Union Sud Athl\u00e9tisme 30<\/em><\/li>\n<\/ul>\n\n\n\n<p><em>Cat\u00e9gorie Cadet<\/em><\/p>\n\n\n\n<ul class=\"wp-block-list\">\n<li><strong>1er<\/strong> &#8211; Maxence CABAL \u2013 <em>Athletic Club Font-Romeu<\/em><\/li>\n\n\n\n<li><strong>2\u00e8me<\/strong> &#8211; Thibault LAMBERT \u2013 <em>Grand Toulouse Athl\u00e9tisme<\/em><\/li>\n\n\n\n<li><strong>3\u00e8me<\/strong> &#8211; Maho CAPRADEAU \u2013 <em>Athletic Club Font-Romeu<\/em><\/li>\n<\/ul>\n\n\n\n<p><strong><mark style=\"background-color:rgba(0, 0, 0, 0)\" class=\"has-inline-color has-ast-global-color-0-color\">Les Podiums U20<\/mark><\/strong><\/p>\n\n\n\n<p><em>Cat\u00e9gorie Junior F\u00e9minine<\/em><\/p>\n\n\n\n<ul class=\"wp-block-list\">\n<li><strong>1\u00e8re<\/strong> &#8211; Lamia MOURABIT \u2013 <em>Grand Toulouse Athl\u00e9tisme<\/em><\/li>\n\n\n\n<li><strong>2\u00e8me<\/strong> &#8211; Gwladys BOUZAT \u2013 <em>Stade Rodez Athl\u00e9tisme<\/em><\/li>\n\n\n\n<li><strong>3\u00e8me<\/strong> &#8211; Anna TRONEL \u2013 <em>Grand Toulouse Athl\u00e9tisme<\/em><\/li>\n<\/ul>\n\n\n\n<p><em>Cat\u00e9gorie Junior Masculin<\/em><\/p>\n\n\n\n<ul class=\"wp-block-list\">\n<li><strong>1er<\/strong> &#8211; Alo\u00efs ABRAHAM \u2013 <em>Muret AC<\/em><\/li>\n\n\n\n<li><strong>2\u00e8me<\/strong> &#8211; Maxence GODOWSKI \u2013 <em>Grand Toulouse Athl\u00e9tisme<\/em><\/li>\n\n\n\n<li><strong>3\u00e8me<\/strong> &#8211; Jules PENCHE \u2013 <em>Montauban Athl\u00e9tisme<\/em><\/li>\n<\/ul>\n\n\n\n<h6 class=\"wp-block-heading\"><strong><mark style=\"background-color:rgba(0, 0, 0, 0)\" class=\"has-inline-color has-ast-global-color-0-color\">Les \u00e9quipes championnes d&rsquo;Occitanie<\/mark><\/strong><\/h6>\n\n\n\n<p>Les classements par \u00e9quipes ont confirm\u00e9 la force des collectifs occitans lors de cette demi-finale \u00e0 Uz\u00e8s. Chez les Masters, comme sur les \u00e9preuves longues f\u00e9minines et masculines, <strong>Al\u00e8s C\u00e9vennes Athl\u00e9tisme Agglom\u00e9ration<\/strong> s\u2019impose avec autorit\u00e9. De son c\u00f4t\u00e9, le club du <strong>Grand Toulouse Athl\u00e9tisme<\/strong> a marqu\u00e9 son empreinte dans les cat\u00e9gories jeunes et le court f\u00e9minin, remportant les titres en U16, U18, U20 ainsi que sur le cross court f\u00e9minin. Une v\u00e9ritable d\u00e9monstration, qui place ces deux clubs comme des favoris pour les Championnats de France de Cross. La <strong>Haute-Garonne<\/strong> monte sur la premi\u00e8re marche du podium et est sacr\u00e9e championne d\u2019Occitanie dans les cat\u00e9gories Benjamins et Benjamines.<\/p>\n\n\n\n<p>Tous les r\u00e9sultats d\u00e9taill\u00e9s sont sur le<a href=\"https:\/\/www.athle.fr\/direct\/312958\" target=\"_blank\" rel=\"noreferrer noopener\">&nbsp;site FFA ICI<\/a>.<\/p>\n\n\n\n<p>Un grand bravo au club local d\u2019Uz\u00e8s pour l\u2019organisation de cette demi-finale de cross, ainsi qu\u2019\u00e0 la ville pour son accueil et son soutien. Merci \u00e9galement aux jurys, b\u00e9n\u00e9voles et clubs pour leur engagement tout au long de la journ\u00e9e. F\u00e9licitations \u00e0 tous les athl\u00e8tes pour leurs performances et leur combativit\u00e9. Prochain rendez-vous sur les terres bretonnes, avec l\u2019ambition d\u2019y r\u00e9colter un maximum de m\u00e9dailles !<\/p>\n\n\n\n<div class=\"wp-block-jetpack-slideshow aligncenter\" data-effect=\"slide\" style=\"--aspect-ratio:calc(742 \/ 817)\"><div class=\"wp-block-jetpack-slideshow_container swiper\"><ul class=\"wp-block-jetpack-slideshow_swiper-wrapper swiper-wrapper\"><li class=\"wp-block-jetpack-slideshow_slide swiper-slide\"><figure><img fetchpriority=\"high\" decoding=\"async\" width=\"742\" height=\"817\" alt=\"\" class=\"wp-block-jetpack-slideshow_image wp-image-13831\" data-id=\"13831\" data-aspect-ratio=\"742 \/ 817\" src=\"https:\/\/athle-occitanie.fr\/wp\/wp-content\/uploads\/2026\/02\/Capture-decran-2026-02-16-155017.jpg\" srcset=\"https:\/\/athle-occitanie.fr\/wp\/wp-content\/uploads\/2026\/02\/Capture-decran-2026-02-16-155017.jpg 742w, https:\/\/athle-occitanie.fr\/wp\/wp-content\/uploads\/2026\/02\/Capture-decran-2026-02-16-155017-272x300.jpg 272w, https:\/\/athle-occitanie.fr\/wp\/wp-content\/uploads\/2026\/02\/Capture-decran-2026-02-16-155017-600x661.jpg 600w\" sizes=\"(max-width: 742px) 100vw, 742px\" \/><\/figure><\/li><li class=\"wp-block-jetpack-slideshow_slide swiper-slide\"><figure><img decoding=\"async\" width=\"1024\" height=\"768\" alt=\"\" class=\"wp-block-jetpack-slideshow_image wp-image-13841\" data-id=\"13841\" data-aspect-ratio=\"1024 \/ 768\" src=\"https:\/\/athle-occitanie.fr\/wp\/wp-content\/uploads\/2026\/02\/635141696_1441600434326242_633830230993121268_n-1024x768.jpg\" srcset=\"https:\/\/athle-occitanie.fr\/wp\/wp-content\/uploads\/2026\/02\/635141696_1441600434326242_633830230993121268_n-1024x768.jpg 1024w, https:\/\/athle-occitanie.fr\/wp\/wp-content\/uploads\/2026\/02\/635141696_1441600434326242_633830230993121268_n-300x225.jpg 300w, https:\/\/athle-occitanie.fr\/wp\/wp-content\/uploads\/2026\/02\/635141696_1441600434326242_633830230993121268_n-768x576.jpg 768w, https:\/\/athle-occitanie.fr\/wp\/wp-content\/uploads\/2026\/02\/635141696_1441600434326242_633830230993121268_n-1536x1152.jpg 1536w, https:\/\/athle-occitanie.fr\/wp\/wp-content\/uploads\/2026\/02\/635141696_1441600434326242_633830230993121268_n-600x450.jpg 600w, https:\/\/athle-occitanie.fr\/wp\/wp-content\/uploads\/2026\/02\/635141696_1441600434326242_633830230993121268_n.jpg 2048w\" sizes=\"(max-width: 1024px) 100vw, 1024px\" \/><\/figure><\/li><li class=\"wp-block-jetpack-slideshow_slide swiper-slide\"><figure><img decoding=\"async\" width=\"493\" height=\"486\" alt=\"\" class=\"wp-block-jetpack-slideshow_image wp-image-13830\" data-id=\"13830\" data-aspect-ratio=\"493 \/ 486\" src=\"https:\/\/athle-occitanie.fr\/wp\/wp-content\/uploads\/2026\/02\/Capture-decran-2026-02-16-155309.jpg\" srcset=\"https:\/\/athle-occitanie.fr\/wp\/wp-content\/uploads\/2026\/02\/Capture-decran-2026-02-16-155309.jpg 493w, https:\/\/athle-occitanie.fr\/wp\/wp-content\/uploads\/2026\/02\/Capture-decran-2026-02-16-155309-300x296.jpg 300w, https:\/\/athle-occitanie.fr\/wp\/wp-content\/uploads\/2026\/02\/Capture-decran-2026-02-16-155309-100x100.jpg 100w\" sizes=\"(max-width: 493px) 100vw, 493px\" \/><\/figure><\/li><li class=\"wp-block-jetpack-slideshow_slide swiper-slide\"><figure><img loading=\"lazy\" decoding=\"async\" width=\"960\" height=\"848\" alt=\"\" class=\"wp-block-jetpack-slideshow_image wp-image-13842\" data-id=\"13842\" data-aspect-ratio=\"960 \/ 848\" src=\"https:\/\/athle-occitanie.fr\/wp\/wp-content\/uploads\/2026\/02\/637734143_1441581917661427_1697267294791119030_n.jpg\" srcset=\"https:\/\/athle-occitanie.fr\/wp\/wp-content\/uploads\/2026\/02\/637734143_1441581917661427_1697267294791119030_n.jpg 960w, https:\/\/athle-occitanie.fr\/wp\/wp-content\/uploads\/2026\/02\/637734143_1441581917661427_1697267294791119030_n-300x265.jpg 300w, https:\/\/athle-occitanie.fr\/wp\/wp-content\/uploads\/2026\/02\/637734143_1441581917661427_1697267294791119030_n-768x678.jpg 768w, https:\/\/athle-occitanie.fr\/wp\/wp-content\/uploads\/2026\/02\/637734143_1441581917661427_1697267294791119030_n-600x530.jpg 600w\" sizes=\"(max-width: 960px) 100vw, 960px\" \/><\/figure><\/li><li class=\"wp-block-jetpack-slideshow_slide swiper-slide\"><figure><img loading=\"lazy\" decoding=\"async\" width=\"758\" height=\"816\" alt=\"\" class=\"wp-block-jetpack-slideshow_image wp-image-13832\" data-id=\"13832\" data-aspect-ratio=\"758 \/ 816\" src=\"https:\/\/athle-occitanie.fr\/wp\/wp-content\/uploads\/2026\/02\/Capture-decran-2026-02-16-154922.jpg\" srcset=\"https:\/\/athle-occitanie.fr\/wp\/wp-content\/uploads\/2026\/02\/Capture-decran-2026-02-16-154922.jpg 758w, https:\/\/athle-occitanie.fr\/wp\/wp-content\/uploads\/2026\/02\/Capture-decran-2026-02-16-154922-279x300.jpg 279w, https:\/\/athle-occitanie.fr\/wp\/wp-content\/uploads\/2026\/02\/Capture-decran-2026-02-16-154922-600x646.jpg 600w\" sizes=\"(max-width: 758px) 100vw, 758px\" \/><\/figure><\/li><li class=\"wp-block-jetpack-slideshow_slide swiper-slide\"><figure><img loading=\"lazy\" decoding=\"async\" width=\"885\" height=\"500\" alt=\"\" class=\"wp-block-jetpack-slideshow_image wp-image-13828\" data-id=\"13828\" data-aspect-ratio=\"885 \/ 500\" src=\"https:\/\/athle-occitanie.fr\/wp\/wp-content\/uploads\/2026\/02\/image-1.jpg\" srcset=\"https:\/\/athle-occitanie.fr\/wp\/wp-content\/uploads\/2026\/02\/image-1.jpg 885w, https:\/\/athle-occitanie.fr\/wp\/wp-content\/uploads\/2026\/02\/image-1-300x169.jpg 300w, https:\/\/athle-occitanie.fr\/wp\/wp-content\/uploads\/2026\/02\/image-1-768x434.jpg 768w, https:\/\/athle-occitanie.fr\/wp\/wp-content\/uploads\/2026\/02\/image-1-600x339.jpg 600w\" sizes=\"(max-width: 885px) 100vw, 885px\" \/><\/figure><\/li><li class=\"wp-block-jetpack-slideshow_slide swiper-slide\"><figure><img loading=\"lazy\" decoding=\"async\" width=\"540\" height=\"960\" alt=\"\" class=\"wp-block-jetpack-slideshow_image wp-image-13843\" data-id=\"13843\" data-aspect-ratio=\"540 \/ 960\" src=\"https:\/\/athle-occitanie.fr\/wp\/wp-content\/uploads\/2026\/02\/634817699_1441582050994747_8324821758543442960_n.jpg\" srcset=\"https:\/\/athle-occitanie.fr\/wp\/wp-content\/uploads\/2026\/02\/634817699_1441582050994747_8324821758543442960_n.jpg 540w, https:\/\/athle-occitanie.fr\/wp\/wp-content\/uploads\/2026\/02\/634817699_1441582050994747_8324821758543442960_n-169x300.jpg 169w\" sizes=\"(max-width: 540px) 100vw, 540px\" \/><\/figure><\/li><\/ul><a class=\"wp-block-jetpack-slideshow_button-prev swiper-button-prev swiper-button-white\" role=\"button\"><\/a><a class=\"wp-block-jetpack-slideshow_button-next swiper-button-next swiper-button-white\" role=\"button\"><\/a><a aria-label=\"Pause Slideshow\" class=\"wp-block-jetpack-slideshow_button-pause\" role=\"button\"><\/a><div class=\"wp-block-jetpack-slideshow_pagination swiper-pagination swiper-pagination-white\"><\/div><\/div><\/div>\n","protected":false},"excerpt":{"rendered":"<p>Le 15 f\u00e9vrier 2026, la ville d&rsquo;Uz\u00e8s a accueilli les demi-finales des Championnats de France de Cross-Country, rassemblant 1 240 athl\u00e8tes venus de toute l\u2019Occitanie avec en ligne de mire [&hellip;]<\/p>\n","protected":false},"author":6,"featured_media":13862,"comment_status":"open","ping_status":"open","sticky":false,"template":"","format":"standard","meta":{"site-sidebar-layout":"default","site-content-layout":"","ast-site-content-layout":"default","site-content-style":"default","site-sidebar-style":"default","ast-global-header-display":"","ast-banner-title-visibility":"","ast-main-header-display":"","ast-hfb-above-header-display":"","ast-hfb-below-header-display":"","ast-hfb-mobile-header-display":"","site-post-title":"","ast-breadcrumbs-content":"","ast-featured-img":"","footer-sml-layout":"","ast-disable-related-posts":"","theme-transparent-header-meta":"","adv-header-id-meta":"","stick-header-meta":"","header-above-stick-meta":"","header-main-stick-meta":"","header-below-stick-meta":"","astra-migrate-meta-layouts":"set","ast-page-background-enabled":"default","ast-page-background-meta":{"desktop":{"background-color":"var(--ast-global-color-4)","background-image":"","background-repeat":"repeat","background-position":"center center","background-size":"auto","background-attachment":"scroll","background-type":"","background-media":"","overlay-type":"","overlay-color":"","overlay-opacity":"","overlay-gradient":""},"tablet":{"background-color":"","background-image":"","background-repeat":"repeat","background-position":"center center","background-size":"auto","background-attachment":"scroll","background-type":"","background-media":"","overlay-type":"","overlay-color":"","overlay-opacity":"","overlay-gradient":""},"mobile":{"background-color":"","background-image":"","background-repeat":"repeat","background-position":"center center","background-size":"auto","background-attachment":"scroll","background-type":"","background-media":"","overlay-type":"","overlay-color":"","overlay-opacity":"","overlay-gradient":""}},"ast-content-background-meta":{"desktop":{"background-color":"var(--ast-global-color-5)","background-image":"","background-repeat":"repeat","background-position":"center center","background-size":"auto","background-attachment":"scroll","background-type":"","background-media":"","overlay-type":"","overlay-color":"","overlay-opacity":"","overlay-gradient":""},"tablet":{"background-color":"var(--ast-global-color-5)","background-image":"","background-repeat":"repeat","background-position":"center center","background-size":"auto","background-attachment":"scroll","background-type":"","background-media":"","overlay-type":"","overlay-color":"","overlay-opacity":"","overlay-gradient":""},"mobile":{"background-color":"var(--ast-global-color-5)","background-image":"","background-repeat":"repeat","background-position":"center center","background-size":"auto","background-attachment":"scroll","background-type":"","background-media":"","overlay-type":"","overlay-color":"","overlay-opacity":"","overlay-gradient":""}},"footnotes":""},"categories":[5],"tags":[],"class_list":["post-13812","post","type-post","status-publish","format-standard","has-post-thumbnail","hentry","category-competitions"],"jetpack_featured_media_url":"https:\/\/athle-occitanie.fr\/wp\/wp-content\/uploads\/2026\/02\/BANNIERE-ARTICLE-3.png","publishpress_future_action":{"enabled":false,"date":"2026-05-06 08:24:38","action":"change-status","newStatus":"draft","terms":[],"taxonomy":"category","extraData":[]},"publishpress_future_workflow_manual_trigger":{"enabledWorkflows":[]},"_links":{"self":[{"href":"https:\/\/athle-occitanie.fr\/wp\/wp-json\/wp\/v2\/posts\/13812","targetHints":{"allow":["GET"]}}],"collection":[{"href":"https:\/\/athle-occitanie.fr\/wp\/wp-json\/wp\/v2\/posts"}],"about":[{"href":"https:\/\/athle-occitanie.fr\/wp\/wp-json\/wp\/v2\/types\/post"}],"author":[{"embeddable":true,"href":"https:\/\/athle-occitanie.fr\/wp\/wp-json\/wp\/v2\/users\/6"}],"replies":[{"embeddable":true,"href":"https:\/\/athle-occitanie.fr\/wp\/wp-json\/wp\/v2\/comments?post=13812"}],"version-history":[{"count":18,"href":"https:\/\/athle-occitanie.fr\/wp\/wp-json\/wp\/v2\/posts\/13812\/revisions"}],"predecessor-version":[{"id":13852,"href":"https:\/\/athle-occitanie.fr\/wp\/wp-json\/wp\/v2\/posts\/13812\/revisions\/13852"}],"wp:featuredmedia":[{"embeddable":true,"href":"https:\/\/athle-occitanie.fr\/wp\/wp-json\/wp\/v2\/media\/13862"}],"wp:attachment":[{"href":"https:\/\/athle-occitanie.fr\/wp\/wp-json\/wp\/v2\/media?parent=13812"}],"wp:term":[{"taxonomy":"category","embeddable":true,"href":"https:\/\/athle-occitanie.fr\/wp\/wp-json\/wp\/v2\/categories?post=13812"},{"taxonomy":"post_tag","embeddable":true,"href":"https:\/\/athle-occitanie.fr\/wp\/wp-json\/wp\/v2\/tags?post=13812"}],"curies":[{"name":"wp","href":"https:\/\/api.w.org\/{rel}","templated":true}]}}