{"id":13319,"date":"2026-01-05T15:31:08","date_gmt":"2026-01-05T14:31:08","guid":{"rendered":"https:\/\/athle-occitanie.fr\/wp\/?p=13319"},"modified":"2026-01-05T15:35:40","modified_gmt":"2026-01-05T14:35:40","slug":"bompas-trois-jours-de-travail-intensif-pour-le-stage-elite-de-la-ligue-dathletisme-doccitanie","status":"publish","type":"post","link":"https:\/\/athle-occitanie.fr\/wp\/bompas-trois-jours-de-travail-intensif-pour-le-stage-elite-de-la-ligue-dathletisme-doccitanie\/","title":{"rendered":"Bompas : trois jours de travail intensif pour le stage \u00c9lite de la Ligue d\u2019Athl\u00e9tisme d\u2019Occitanie"},"content":{"rendered":"\n<h3 class=\"wp-block-heading\">Bompas : trois jours de travail intensif pour le stage \u00c9lite de la Ligue d\u2019Athl\u00e9tisme d\u2019Occitanie<\/h3>\n\n\n\n<p><em>La <strong>Ligue d\u2019Athl\u00e9tisme d\u2019Occitanie<\/strong> a conclu l\u2019ann\u00e9e 2025 avec son traditionnel <strong>stage \u00c9lite<\/strong>, organis\u00e9 du <strong>28 au 30 d\u00e9cembre \u00e0 Bompas<\/strong>. Durant trois jours, <strong>38 athl\u00e8tes<\/strong>, des cat\u00e9gories <strong>Cadets \u00e0 S\u00e9niors<\/strong>, se sont retrouv\u00e9s pour un regroupement plac\u00e9 sous le signe de la pr\u00e9paration, de l\u2019exigence et de la coh\u00e9sion.<\/em><\/p>\n\n\n\n<p>D\u00e8s leur arriv\u00e9e le <strong>28 d\u00e9cembre au Malibu Village de Canet-en-Roussillon<\/strong>, les athl\u00e8tes ont \u00e9t\u00e9 accueillis par <strong>Marc Congras<\/strong>, Pr\u00e9sident de la Ligue, <strong>Yves Bellanger<\/strong>, Vice-pr\u00e9sident en charge du sportif, et <strong>Tidiane Correa<\/strong>, CTS Occitanie. Ce temps d\u2019accueil a permis de rappeler le cadre du stage et les r\u00e8gles de vie indispensables \u00e0 son bon d\u00e9roulement, formalis\u00e9es par la <strong>signature individuelle des chartes<\/strong>.<\/p>\n\n\n\n<p>Dans des conditions d\u2019h\u00e9bergement et de restauration favorables \u00e0 la r\u00e9cup\u00e9ration, les athl\u00e8tes ont pu encha\u00eener, sur les trois journ\u00e9es de stage, <strong>cinq s\u00e9ances d\u2019entra\u00eenement<\/strong> qui se sont d\u00e9roul\u00e9s \u00e0 la <strong>halle des sports de Bompas<\/strong>. Les s\u00e9ances de renforcement musculaire ont, quant \u00e0 elles, \u00e9t\u00e9 r\u00e9alis\u00e9es \u00e0 la <strong>salle de musculation de l\u2019espace Europa<\/strong>, situ\u00e9e \u00e0 proximit\u00e9 du village de vacances.<\/p>\n\n\n\n<p>Encadr\u00e9s par des <strong>entra\u00eeneurs sp\u00e9cialis\u00e9s et r\u00e9f\u00e9rents de leurs disciplines au sein de la Ligue<\/strong>, les athl\u00e8tes ont pu travailler dans l\u2019ensemble des secteurs repr\u00e9sent\u00e9s : <strong>demi-fond<\/strong> avec <em>Belkacem Ali<\/em>, <strong>sprint-haies<\/strong> avec <em>Stanis L\u00e9andre<\/em> et <em>Victor Bouopda Zock<\/em>, <strong>\u00e9preuves combin\u00e9es<\/strong> avec <em>Yann Besson (CTF Occitanie)<\/em>, <strong>perche<\/strong> avec <em>Laurick Flores<\/em>, <strong>hauteur<\/strong> avec <em>Tristan Bessi\u00e8re<\/em>, ainsi que la <strong>longueur et le triple saut<\/strong> avec <em>Jean Monnier<\/em> et <em>Jocelyn Piat (CTF Occitanie)<\/em>. La coordination du stage a \u00e9t\u00e9 assur\u00e9e par <strong>Jocelyn Piat, CTF Occitanie<\/strong>, garant de la coh\u00e9rence sportive du regroupement.<\/p>\n\n\n\n<p>Un <strong>suivi param\u00e9dical renforc\u00e9<\/strong> a \u00e9galement accompagn\u00e9 les athl\u00e8tes tout au long du stage. Plac\u00e9e sous la responsabilit\u00e9 d\u2019<strong>Aur\u00e9lien Marre<\/strong>, Kin\u00e9sith\u00e9rapeute D.E., et \u00e9paul\u00e9e par deux \u00e9tudiants en 4\u1d49 ann\u00e9e d\u2019\u00e9cole de kin\u00e9sith\u00e9rapie, l\u2019\u00e9quipe a assur\u00e9 la pr\u00e9vention des blessures et le suivi individualis\u00e9 des athl\u00e8tes.<\/p>\n\n\n\n<p>Le <strong>comportement exemplaire des athl\u00e8tes<\/strong>, ainsi que la pr\u00e9sence de <strong>plusieurs athl\u00e8tes de tr\u00e8s haut niveau<\/strong>, ont contribu\u00e9 \u00e0 la r\u00e9ussite de ce stage et t\u00e9moignent de la confiance accord\u00e9e \u00e0 la Ligue d\u2019Athl\u00e9tisme d\u2019Occitanie et \u00e0 son encadrement.<\/p>\n\n\n\n<p>Au-del\u00e0 du travail sportif, ce stage \u00c9lite a permis de renforcer les liens entre les athl\u00e8tes et de cultiver un esprit collectif essentiel \u00e0 la performance. Une dynamique positive qui vient clore l\u2019ann\u00e9e 2025 et ouvre d\u00e9j\u00e0 la voie aux prochains rendez-vous.<\/p>\n\n\n\n<figure class=\"wp-block-gallery has-nested-images columns-default is-cropped wp-block-gallery-1 is-layout-flex wp-block-gallery-is-layout-flex\">\n<figure class=\"wp-block-image size-large\"><img fetchpriority=\"high\" decoding=\"async\" width=\"1024\" height=\"768\" data-id=\"13327\" src=\"https:\/\/athle-occitanie.fr\/wp\/wp-content\/uploads\/2026\/01\/PHOTO-2026-01-05-11-18-59-1-1024x768.jpg\" alt=\"\" class=\"wp-image-13327\" srcset=\"https:\/\/athle-occitanie.fr\/wp\/wp-content\/uploads\/2026\/01\/PHOTO-2026-01-05-11-18-59-1-1024x768.jpg 1024w, https:\/\/athle-occitanie.fr\/wp\/wp-content\/uploads\/2026\/01\/PHOTO-2026-01-05-11-18-59-1-300x225.jpg 300w, https:\/\/athle-occitanie.fr\/wp\/wp-content\/uploads\/2026\/01\/PHOTO-2026-01-05-11-18-59-1-768x576.jpg 768w, https:\/\/athle-occitanie.fr\/wp\/wp-content\/uploads\/2026\/01\/PHOTO-2026-01-05-11-18-59-1-1536x1152.jpg 1536w, https:\/\/athle-occitanie.fr\/wp\/wp-content\/uploads\/2026\/01\/PHOTO-2026-01-05-11-18-59-1-600x450.jpg 600w, https:\/\/athle-occitanie.fr\/wp\/wp-content\/uploads\/2026\/01\/PHOTO-2026-01-05-11-18-59-1.jpg 1600w\" sizes=\"(max-width: 1024px) 100vw, 1024px\" \/><\/figure>\n\n\n\n<figure class=\"wp-block-image size-large\"><img decoding=\"async\" width=\"1024\" height=\"768\" data-id=\"13322\" src=\"https:\/\/athle-occitanie.fr\/wp\/wp-content\/uploads\/2026\/01\/PHOTO-2026-01-05-11-19-12-1-1024x768.jpg\" alt=\"\" class=\"wp-image-13322\" srcset=\"https:\/\/athle-occitanie.fr\/wp\/wp-content\/uploads\/2026\/01\/PHOTO-2026-01-05-11-19-12-1-1024x768.jpg 1024w, https:\/\/athle-occitanie.fr\/wp\/wp-content\/uploads\/2026\/01\/PHOTO-2026-01-05-11-19-12-1-300x225.jpg 300w, https:\/\/athle-occitanie.fr\/wp\/wp-content\/uploads\/2026\/01\/PHOTO-2026-01-05-11-19-12-1-768x576.jpg 768w, https:\/\/athle-occitanie.fr\/wp\/wp-content\/uploads\/2026\/01\/PHOTO-2026-01-05-11-19-12-1-1536x1152.jpg 1536w, https:\/\/athle-occitanie.fr\/wp\/wp-content\/uploads\/2026\/01\/PHOTO-2026-01-05-11-19-12-1-600x450.jpg 600w, https:\/\/athle-occitanie.fr\/wp\/wp-content\/uploads\/2026\/01\/PHOTO-2026-01-05-11-19-12-1.jpg 1600w\" sizes=\"(max-width: 1024px) 100vw, 1024px\" \/><\/figure>\n\n\n\n<figure class=\"wp-block-image size-large\"><img decoding=\"async\" width=\"1024\" height=\"1024\" data-id=\"13326\" src=\"https:\/\/athle-occitanie.fr\/wp\/wp-content\/uploads\/2026\/01\/PHOTO-2026-01-05-11-19-24-1024x1024.jpg\" alt=\"\" class=\"wp-image-13326\" srcset=\"https:\/\/athle-occitanie.fr\/wp\/wp-content\/uploads\/2026\/01\/PHOTO-2026-01-05-11-19-24-1024x1024.jpg 1024w, https:\/\/athle-occitanie.fr\/wp\/wp-content\/uploads\/2026\/01\/PHOTO-2026-01-05-11-19-24-300x300.jpg 300w, https:\/\/athle-occitanie.fr\/wp\/wp-content\/uploads\/2026\/01\/PHOTO-2026-01-05-11-19-24-150x150.jpg 150w, https:\/\/athle-occitanie.fr\/wp\/wp-content\/uploads\/2026\/01\/PHOTO-2026-01-05-11-19-24-768x768.jpg 768w, https:\/\/athle-occitanie.fr\/wp\/wp-content\/uploads\/2026\/01\/PHOTO-2026-01-05-11-19-24-1536x1536.jpg 1536w, https:\/\/athle-occitanie.fr\/wp\/wp-content\/uploads\/2026\/01\/PHOTO-2026-01-05-11-19-24-600x600.jpg 600w, https:\/\/athle-occitanie.fr\/wp\/wp-content\/uploads\/2026\/01\/PHOTO-2026-01-05-11-19-24-100x100.jpg 100w, https:\/\/athle-occitanie.fr\/wp\/wp-content\/uploads\/2026\/01\/PHOTO-2026-01-05-11-19-24.jpg 1600w\" sizes=\"(max-width: 1024px) 100vw, 1024px\" \/><\/figure>\n\n\n\n<figure class=\"wp-block-image size-large\"><img loading=\"lazy\" decoding=\"async\" width=\"1024\" height=\"768\" data-id=\"13330\" src=\"https:\/\/athle-occitanie.fr\/wp\/wp-content\/uploads\/2026\/01\/PHOTO-2026-01-05-11-19-39-1-1024x768.jpg\" alt=\"\" class=\"wp-image-13330\" srcset=\"https:\/\/athle-occitanie.fr\/wp\/wp-content\/uploads\/2026\/01\/PHOTO-2026-01-05-11-19-39-1-1024x768.jpg 1024w, https:\/\/athle-occitanie.fr\/wp\/wp-content\/uploads\/2026\/01\/PHOTO-2026-01-05-11-19-39-1-300x225.jpg 300w, https:\/\/athle-occitanie.fr\/wp\/wp-content\/uploads\/2026\/01\/PHOTO-2026-01-05-11-19-39-1-768x576.jpg 768w, https:\/\/athle-occitanie.fr\/wp\/wp-content\/uploads\/2026\/01\/PHOTO-2026-01-05-11-19-39-1-1536x1152.jpg 1536w, https:\/\/athle-occitanie.fr\/wp\/wp-content\/uploads\/2026\/01\/PHOTO-2026-01-05-11-19-39-1-600x450.jpg 600w, https:\/\/athle-occitanie.fr\/wp\/wp-content\/uploads\/2026\/01\/PHOTO-2026-01-05-11-19-39-1.jpg 1600w\" sizes=\"(max-width: 1024px) 100vw, 1024px\" \/><\/figure>\n\n\n\n<figure class=\"wp-block-image size-large\"><img loading=\"lazy\" decoding=\"async\" width=\"1024\" height=\"768\" data-id=\"13328\" src=\"https:\/\/athle-occitanie.fr\/wp\/wp-content\/uploads\/2026\/01\/PHOTO-2026-01-05-11-20-00-1-1024x768.jpg\" alt=\"\" class=\"wp-image-13328\" srcset=\"https:\/\/athle-occitanie.fr\/wp\/wp-content\/uploads\/2026\/01\/PHOTO-2026-01-05-11-20-00-1-1024x768.jpg 1024w, https:\/\/athle-occitanie.fr\/wp\/wp-content\/uploads\/2026\/01\/PHOTO-2026-01-05-11-20-00-1-300x225.jpg 300w, https:\/\/athle-occitanie.fr\/wp\/wp-content\/uploads\/2026\/01\/PHOTO-2026-01-05-11-20-00-1-768x576.jpg 768w, https:\/\/athle-occitanie.fr\/wp\/wp-content\/uploads\/2026\/01\/PHOTO-2026-01-05-11-20-00-1-1536x1152.jpg 1536w, https:\/\/athle-occitanie.fr\/wp\/wp-content\/uploads\/2026\/01\/PHOTO-2026-01-05-11-20-00-1-600x450.jpg 600w, https:\/\/athle-occitanie.fr\/wp\/wp-content\/uploads\/2026\/01\/PHOTO-2026-01-05-11-20-00-1.jpg 1600w\" sizes=\"(max-width: 1024px) 100vw, 1024px\" \/><\/figure>\n\n\n\n<figure class=\"wp-block-image size-large\"><img loading=\"lazy\" decoding=\"async\" width=\"1024\" height=\"768\" data-id=\"13325\" src=\"https:\/\/athle-occitanie.fr\/wp\/wp-content\/uploads\/2026\/01\/PHOTO-2026-01-05-11-36-15-1024x768.jpg\" alt=\"\" class=\"wp-image-13325\" srcset=\"https:\/\/athle-occitanie.fr\/wp\/wp-content\/uploads\/2026\/01\/PHOTO-2026-01-05-11-36-15-1024x768.jpg 1024w, https:\/\/athle-occitanie.fr\/wp\/wp-content\/uploads\/2026\/01\/PHOTO-2026-01-05-11-36-15-300x225.jpg 300w, https:\/\/athle-occitanie.fr\/wp\/wp-content\/uploads\/2026\/01\/PHOTO-2026-01-05-11-36-15-768x576.jpg 768w, https:\/\/athle-occitanie.fr\/wp\/wp-content\/uploads\/2026\/01\/PHOTO-2026-01-05-11-36-15-1536x1152.jpg 1536w, https:\/\/athle-occitanie.fr\/wp\/wp-content\/uploads\/2026\/01\/PHOTO-2026-01-05-11-36-15-600x450.jpg 600w, https:\/\/athle-occitanie.fr\/wp\/wp-content\/uploads\/2026\/01\/PHOTO-2026-01-05-11-36-15.jpg 1600w\" sizes=\"(max-width: 1024px) 100vw, 1024px\" \/><\/figure>\n<\/figure>\n\n\n\n<p>Pour en savoir + : <a href=\"https:\/\/athle-occitanie.fr\/wp\/stage-occitanie\/\" target=\"_blank\" rel=\"noreferrer noopener\">Stage Occitanie<\/a><\/p>\n\n\n\n<p><strong>Rendez-vous en 2026<\/strong> pour de nouveaux stages et poursuivre le d\u00e9veloppement de l\u2019athl\u00e9tisme en Occitanie.<\/p>\n\n\n\n<p><\/p>\n","protected":false},"excerpt":{"rendered":"<p>Bompas : trois jours de travail intensif pour le stage \u00c9lite de la Ligue d\u2019Athl\u00e9tisme d\u2019Occitanie La Ligue d\u2019Athl\u00e9tisme d\u2019Occitanie a conclu l\u2019ann\u00e9e 2025 avec son traditionnel stage \u00c9lite, organis\u00e9 [&hellip;]<\/p>\n","protected":false},"author":9,"featured_media":13320,"comment_status":"open","ping_status":"open","sticky":false,"template":"","format":"standard","meta":{"site-sidebar-layout":"default","site-content-layout":"","ast-site-content-layout":"default","site-content-style":"default","site-sidebar-style":"default","ast-global-header-display":"","ast-banner-title-visibility":"","ast-main-header-display":"","ast-hfb-above-header-display":"","ast-hfb-below-header-display":"","ast-hfb-mobile-header-display":"","site-post-title":"disabled","ast-breadcrumbs-content":"","ast-featured-img":"","footer-sml-layout":"","ast-disable-related-posts":"","theme-transparent-header-meta":"","adv-header-id-meta":"","stick-header-meta":"","header-above-stick-meta":"","header-main-stick-meta":"","header-below-stick-meta":"","astra-migrate-meta-layouts":"set","ast-page-background-enabled":"default","ast-page-background-meta":{"desktop":{"background-color":"var(--ast-global-color-4)","background-image":"","background-repeat":"repeat","background-position":"center center","background-size":"auto","background-attachment":"scroll","background-type":"","background-media":"","overlay-type":"","overlay-color":"","overlay-opacity":"","overlay-gradient":""},"tablet":{"background-color":"","background-image":"","background-repeat":"repeat","background-position":"center center","background-size":"auto","background-attachment":"scroll","background-type":"","background-media":"","overlay-type":"","overlay-color":"","overlay-opacity":"","overlay-gradient":""},"mobile":{"background-color":"","background-image":"","background-repeat":"repeat","background-position":"center center","background-size":"auto","background-attachment":"scroll","background-type":"","background-media":"","overlay-type":"","overlay-color":"","overlay-opacity":"","overlay-gradient":""}},"ast-content-background-meta":{"desktop":{"background-color":"var(--ast-global-color-5)","background-image":"","background-repeat":"repeat","background-position":"center center","background-size":"auto","background-attachment":"scroll","background-type":"","background-media":"","overlay-type":"","overlay-color":"","overlay-opacity":"","overlay-gradient":""},"tablet":{"background-color":"var(--ast-global-color-5)","background-image":"","background-repeat":"repeat","background-position":"center center","background-size":"auto","background-attachment":"scroll","background-type":"","background-media":"","overlay-type":"","overlay-color":"","overlay-opacity":"","overlay-gradient":""},"mobile":{"background-color":"var(--ast-global-color-5)","background-image":"","background-repeat":"repeat","background-position":"center center","background-size":"auto","background-attachment":"scroll","background-type":"","background-media":"","overlay-type":"","overlay-color":"","overlay-opacity":"","overlay-gradient":""}},"footnotes":""},"categories":[49],"tags":[],"class_list":["post-13319","post","type-post","status-publish","format-standard","has-post-thumbnail","hentry","category-entraineur"],"jetpack_featured_media_url":"https:\/\/athle-occitanie.fr\/wp\/wp-content\/uploads\/2026\/01\/PHOTO-2026-01-05-11-19-12.jpg","publishpress_future_action":{"enabled":false,"date":"2026-05-07 01:15:31","action":"change-status","newStatus":"draft","terms":[],"taxonomy":"category","extraData":[]},"publishpress_future_workflow_manual_trigger":{"enabledWorkflows":[]},"_links":{"self":[{"href":"https:\/\/athle-occitanie.fr\/wp\/wp-json\/wp\/v2\/posts\/13319","targetHints":{"allow":["GET"]}}],"collection":[{"href":"https:\/\/athle-occitanie.fr\/wp\/wp-json\/wp\/v2\/posts"}],"about":[{"href":"https:\/\/athle-occitanie.fr\/wp\/wp-json\/wp\/v2\/types\/post"}],"author":[{"embeddable":true,"href":"https:\/\/athle-occitanie.fr\/wp\/wp-json\/wp\/v2\/users\/9"}],"replies":[{"embeddable":true,"href":"https:\/\/athle-occitanie.fr\/wp\/wp-json\/wp\/v2\/comments?post=13319"}],"version-history":[{"count":4,"href":"https:\/\/athle-occitanie.fr\/wp\/wp-json\/wp\/v2\/posts\/13319\/revisions"}],"predecessor-version":[{"id":13333,"href":"https:\/\/athle-occitanie.fr\/wp\/wp-json\/wp\/v2\/posts\/13319\/revisions\/13333"}],"wp:featuredmedia":[{"embeddable":true,"href":"https:\/\/athle-occitanie.fr\/wp\/wp-json\/wp\/v2\/media\/13320"}],"wp:attachment":[{"href":"https:\/\/athle-occitanie.fr\/wp\/wp-json\/wp\/v2\/media?parent=13319"}],"wp:term":[{"taxonomy":"category","embeddable":true,"href":"https:\/\/athle-occitanie.fr\/wp\/wp-json\/wp\/v2\/categories?post=13319"},{"taxonomy":"post_tag","embeddable":true,"href":"https:\/\/athle-occitanie.fr\/wp\/wp-json\/wp\/v2\/tags?post=13319"}],"curies":[{"name":"wp","href":"https:\/\/api.w.org\/{rel}","templated":true}]}}