{"id":12265,"date":"2025-07-21T15:49:13","date_gmt":"2025-07-21T13:49:13","guid":{"rendered":"https:\/\/athle-occitanie.fr\/wp\/?p=12265"},"modified":"2025-07-22T09:39:31","modified_gmt":"2025-07-22T07:39:31","slug":"bilan-de-loccitanie-17-medailles-pour-lathletisme-occitan-aux-france-avenir-2025","status":"publish","type":"post","link":"https:\/\/athle-occitanie.fr\/wp\/bilan-de-loccitanie-17-medailles-pour-lathletisme-occitan-aux-france-avenir-2025\/","title":{"rendered":"Bilan de l&rsquo;Occitanie : 17 m\u00e9dailles pour l\u2019athl\u00e9tisme occitan aux France Avenir 2025"},"content":{"rendered":"\n<p>Ce week-end \u00e0 Saint-\u00c9tienne, les <strong>Championnats de France U18, U20 et U23<\/strong> ont r\u00e9uni les meilleurs jeunes athl\u00e8tes de l\u2019hexagone. Avec <strong>17 m\u00e9dailles<\/strong> remport\u00e9es dont 7 titres nationaux, 5 m\u00e9dailles d&rsquo;argent et de bronze et <strong>23 finalistes<\/strong>, la r\u00e9gion se classe <strong>6\u1d49 \u00e0 la medal table <\/strong>et <strong>9\u1d49 <\/strong>\u00e0 la <strong>placing table<\/strong>. Au-del\u00e0 des podiums, ce sont aussi plusieurs records personnels et des qualifications pour les \u00e9ch\u00e9ances internationales qui ont marqu\u00e9 ces trois jours de comp\u00e9tition.<\/p>\n\n\n\n<div class=\"wp-block-jetpack-tiled-gallery aligncenter is-style-rectangular\"><div class=\"\"><div class=\"tiled-gallery__gallery\"><div class=\"tiled-gallery__row\"><div class=\"tiled-gallery__col\" style=\"flex-basis:31.50526%\"><figure class=\"tiled-gallery__item\"><img decoding=\"async\" alt=\"\" data-height=\"891\" data-id=\"12299\" data-link=\"https:\/\/athle-occitanie.fr\/wp\/?attachment_id=12299\" data-url=\"https:\/\/athle-occitanie.fr\/wp\/wp-content\/uploads\/2025\/07\/Capture-decran-2025-07-21-152700.png\" data-width=\"624\" src=\"https:\/\/i0.wp.com\/athle-occitanie.fr\/wp\/wp-content\/uploads\/2025\/07\/Capture-decran-2025-07-21-152700.png?ssl=1\" data-amp-layout=\"responsive\"\/><\/figure><\/div><div class=\"tiled-gallery__col\" style=\"flex-basis:68.49474%\"><figure class=\"tiled-gallery__item\"><img decoding=\"async\" alt=\"\" data-height=\"579\" data-id=\"12298\" data-link=\"https:\/\/athle-occitanie.fr\/wp\/?attachment_id=12298\" data-url=\"https:\/\/athle-occitanie.fr\/wp\/wp-content\/uploads\/2025\/07\/Capture-decran-2025-07-21-152043.png\" data-width=\"883\" src=\"https:\/\/i0.wp.com\/athle-occitanie.fr\/wp\/wp-content\/uploads\/2025\/07\/Capture-decran-2025-07-21-152043.png?ssl=1\" data-amp-layout=\"responsive\"\/><\/figure><\/div><\/div><div class=\"tiled-gallery__row\"><div class=\"tiled-gallery__col\" style=\"flex-basis:47.76507%\"><figure class=\"tiled-gallery__item\"><img decoding=\"async\" alt=\"\" data-height=\"891\" data-id=\"12295\" data-link=\"https:\/\/athle-occitanie.fr\/wp\/?attachment_id=12295\" data-url=\"https:\/\/athle-occitanie.fr\/wp\/wp-content\/uploads\/2025\/07\/Capture-decran-2025-07-21-153045.png\" data-width=\"611\" src=\"https:\/\/i0.wp.com\/athle-occitanie.fr\/wp\/wp-content\/uploads\/2025\/07\/Capture-decran-2025-07-21-153045.png?ssl=1\" data-amp-layout=\"responsive\"\/><\/figure><\/div><div class=\"tiled-gallery__col\" style=\"flex-basis:52.23493%\"><figure class=\"tiled-gallery__item\"><img decoding=\"async\" alt=\"\" data-height=\"888\" data-id=\"12301\" data-link=\"https:\/\/athle-occitanie.fr\/wp\/?attachment_id=12301\" data-url=\"https:\/\/athle-occitanie.fr\/wp\/wp-content\/uploads\/2025\/07\/Capture-decran-2025-07-21-150935.png\" data-width=\"666\" src=\"https:\/\/i0.wp.com\/athle-occitanie.fr\/wp\/wp-content\/uploads\/2025\/07\/Capture-decran-2025-07-21-150935.png?ssl=1\" data-amp-layout=\"responsive\"\/><\/figure><\/div><\/div><div class=\"tiled-gallery__row\"><div class=\"tiled-gallery__col\" style=\"flex-basis:70.44341%\"><figure class=\"tiled-gallery__item\"><img decoding=\"async\" alt=\"\" data-height=\"600\" data-id=\"12300\" data-link=\"https:\/\/athle-occitanie.fr\/wp\/?attachment_id=12300\" data-url=\"https:\/\/athle-occitanie.fr\/wp\/wp-content\/uploads\/2025\/07\/conjungo-200725.jpg\" data-width=\"1009\" src=\"https:\/\/i0.wp.com\/athle-occitanie.fr\/wp\/wp-content\/uploads\/2025\/07\/conjungo-200725.jpg?ssl=1\" data-amp-layout=\"responsive\"\/><\/figure><\/div><div class=\"tiled-gallery__col\" style=\"flex-basis:29.55659%\"><figure class=\"tiled-gallery__item\"><img decoding=\"async\" alt=\"\" data-height=\"453\" data-id=\"12305\" data-link=\"https:\/\/athle-occitanie.fr\/wp\/?attachment_id=12305\" data-url=\"https:\/\/athle-occitanie.fr\/wp\/wp-content\/uploads\/2025\/07\/Capture-decran-2025-07-21-154437.png\" data-width=\"319\" src=\"https:\/\/i0.wp.com\/athle-occitanie.fr\/wp\/wp-content\/uploads\/2025\/07\/Capture-decran-2025-07-21-154437.png?ssl=1\" data-amp-layout=\"responsive\"\/><\/figure><\/div><\/div><div class=\"tiled-gallery__row\"><div class=\"tiled-gallery__col\" style=\"flex-basis:42.62243%\"><figure class=\"tiled-gallery__item\"><img decoding=\"async\" alt=\"\" data-height=\"594\" data-id=\"12303\" data-link=\"https:\/\/athle-occitanie.fr\/wp\/?attachment_id=12303\" data-url=\"https:\/\/athle-occitanie.fr\/wp\/wp-content\/uploads\/2025\/07\/Capture-decran-2025-07-21-151611.png\" data-width=\"889\" src=\"https:\/\/i0.wp.com\/athle-occitanie.fr\/wp\/wp-content\/uploads\/2025\/07\/Capture-decran-2025-07-21-151611.png?ssl=1\" data-amp-layout=\"responsive\"\/><\/figure><\/div><div class=\"tiled-gallery__col\" style=\"flex-basis:19.41645%\"><figure class=\"tiled-gallery__item\"><img decoding=\"async\" alt=\"\" data-height=\"328\" data-id=\"12297\" data-link=\"https:\/\/athle-occitanie.fr\/wp\/?attachment_id=12297\" data-url=\"https:\/\/athle-occitanie.fr\/wp\/wp-content\/uploads\/2025\/07\/Capture-decran-2025-07-21-152527.png\" data-width=\"223\" src=\"https:\/\/i0.wp.com\/athle-occitanie.fr\/wp\/wp-content\/uploads\/2025\/07\/Capture-decran-2025-07-21-152527.png?ssl=1\" data-amp-layout=\"responsive\"\/><\/figure><\/div><div class=\"tiled-gallery__col\" style=\"flex-basis:37.96112%\"><figure class=\"tiled-gallery__item\"><img decoding=\"async\" alt=\"\" data-height=\"878\" data-id=\"12302\" data-link=\"https:\/\/athle-occitanie.fr\/wp\/?attachment_id=12302\" data-url=\"https:\/\/athle-occitanie.fr\/wp\/wp-content\/uploads\/2025\/07\/519337484_1852059895747682_3913178073951252813_n-1024x768.jpg\" data-width=\"1170\" src=\"https:\/\/i0.wp.com\/athle-occitanie.fr\/wp\/wp-content\/uploads\/2025\/07\/519337484_1852059895747682_3913178073951252813_n-1024x768.jpg?ssl=1\" data-amp-layout=\"responsive\"\/><\/figure><\/div><\/div><\/div><\/div><\/div>\n\n\n\n<p><\/p>\n\n\n\n<h5 class=\"wp-block-heading has-vivid-red-color has-text-color has-link-color wp-elements-ebac64935c494a6075ae41555ed00778\"><strong>Des performances en Or \u00e0 souligner ce week-end<\/strong><\/h5>\n\n\n\n<ul class=\"wp-block-list\">\n<li>Le Montpelli\u00e9rain (<em><strong>MA2M<\/strong><\/em>) <strong>Remy Zio<\/strong> remporte le concours cadet du triple saut en r\u00e9alisant <strong>14m65<\/strong>.<\/li>\n\n\n\n<li><strong>Victoria<\/strong> <strong>Kwarteng<\/strong> signe un <strong>nouveau record personnel en 52\u2019\u201996<\/strong>, la premi\u00e8re fois qu\u2019elle passe sous la barre des 53 secondes et lui offre le titre de Championne de France U20 en 400m. Un cap symbolique, qui fait d\u2019elle <strong>la quatri\u00e8me junior fran\u00e7aise<\/strong> \u00e0 y parvenir. La soci\u00e9taire du <em><strong>Montauban Athl\u00e9tisme<\/strong><\/em> a d\u00e9sormais toutes les chances de participer aux Europe U20 dans deux semaines.<\/li>\n\n\n\n<li><strong>Samuel Conjungo<\/strong> (<em><strong>Tarn Sud Athl\u00e9tisme<\/strong><\/em>) continue \u00e0 d\u00e9poussi\u00e9rer le record de France de disque avec un jet \u00e0 59,95 m et devient Champion de France U20.<\/li>\n\n\n\n<li> Les deux athl\u00e8tes entrain\u00e9es par<strong> Ali Belkacem <\/strong>d\u00e9crochent l\u2019or<strong> :<\/strong> <strong>Emma Charlet<\/strong> (<em><strong>Athl\u00e9 66 Bompas<\/strong><\/em>) s\u2019impose sur <strong>800 m<\/strong> avec un chrono de <strong>2\u201906\u2019\u201921<\/strong>, tandis que <strong>Noreen Sdourt Fort<\/strong> (<em><strong>Grand Toulouse Athl\u00e9 &#8211; S\/l CA Balma<\/strong><\/em>) remporte le <strong>1500 m<\/strong> en <strong>4\u201936\u2019\u201991<\/strong>.<\/li>\n\n\n\n<li><strong>Axelle Liehoun<\/strong> (<em><strong>Athl\u00e9 11 \u2013 S\/L Lauragais Athl\u00e9<\/strong><\/em>) s\u2019est impos\u00e9e chez les espoirs f\u00e9minines en remportant le titre au saut en longueur gr\u00e2ce \u00e0 un bond mesur\u00e9 \u00e0 <strong>6,21 m<\/strong>..<\/li>\n\n\n\n<li><strong>Joshua Abraham<\/strong> (<em><strong>Muret AC<\/strong><\/em>) a d\u00e9croch\u00e9 le titre de champion de France espoir au terme d&rsquo;une finale disput\u00e9e tard dans la soir\u00e9e, en signant un chrono de <strong>3\u201943\u2019\u201919<\/strong>.<\/li>\n<\/ul>\n\n\n\n<h5 class=\"wp-block-heading has-vivid-red-color has-text-color has-link-color wp-elements-2c1ba913c5e631d4e079152eac8a4af3\">Vice-champions de France : des performances \u00e0 saluer<\/h5>\n\n\n\n<ul class=\"wp-block-list\">\n<li>Du c\u00f4t\u00e9 des cadets, <strong>Joris Arnagol Mostrey<\/strong> (<em><strong>Montauban Athl\u00e9tisme<\/strong><\/em>), entra\u00een\u00e9 par <strong>Franck Monnel<\/strong>, a r\u00e9alis\u00e9 un superbe <strong>400 m en 49\u2019\u201913<\/strong>.<\/li>\n\n\n\n<li>Chez les juniors, <strong>Paola Valognes<\/strong>, licenci\u00e9e \u00e0 l\u2019<em><strong>Athl\u00e9 66<\/strong><\/em> et entrain\u00e9e par <strong>St\u00e9phane Gautier<\/strong>, s\u2019est illustr\u00e9e sur le <strong>200 m<\/strong> avec un excellent chrono de <strong>23\u2019\u201992<\/strong> et record personnel.<\/li>\n\n\n\n<li>En sprint haies chez les espoirs, <strong>Lina Lelarge<\/strong> (<em><strong>AS Carcassonne<\/strong><\/em>), avec <strong>13\u2019\u201974 sur 100 m haies<\/strong>, et <strong>Seynabou Camara<\/strong> (<em><strong>UAO 31<\/strong><\/em>), avec <strong>57\u2019\u201985 sur 400 m haies<\/strong>, toutes deux entra\u00een\u00e9es par <strong>L\u00e9andre Stanis<\/strong> montent sur le podium national.<\/li>\n\n\n\n<li>En lancer de poids, <strong>Luna Goureau<\/strong> (<strong><em>Tarbes Pyr\u00e9n\u00e9es Athl\u00e9tisme<\/em><\/strong>) est mont\u00e9e sur la deuxi\u00e8me marche du podium gr\u00e2ce \u00e0 un jet mesur\u00e9 \u00e0 <strong>13,93 m<\/strong>.<\/li>\n<\/ul>\n\n\n\n<h5 class=\"wp-block-heading has-vivid-red-color has-text-color has-link-color wp-elements-e8a07003b740f0a5fa291b4be416431f\"><strong>Ils compl\u00e8tent le podium avec brio<\/strong><\/h5>\n\n\n\n<ul class=\"wp-block-list\">\n<li>Sur le <strong>2000 m steeple cadets<\/strong>, <strong>Maxence Bal<\/strong> (<strong><em>Athl\u00e9tic Club Font-Romeu<\/em><\/strong>) d\u00e9croche une belle <strong>m\u00e9daille de bronze<\/strong> en <strong>5\u201954\u2019\u201928<\/strong>.<\/li>\n\n\n\n<li><strong>Jade Yvars<\/strong> (<strong><em>Athl\u00e9 66 \u2013 S\/l Run Multisports<\/em><\/strong>) monte sur la <strong>troisi\u00e8me marche du podium<\/strong> du <strong>1500 m juniors<\/strong> gr\u00e2ce \u00e0 un solide chrono de <strong>4\u201939\u2019\u201914<\/strong>.<\/li>\n\n\n\n<li>En <strong>marche athl\u00e9tique<\/strong>, <strong>\u00c9melie Cheze<\/strong> (<em><strong>UAO 31)<\/strong><\/em>, entra\u00een\u00e9e par <strong>Andr\u00e9 Casale<\/strong>, s\u2019est distingu\u00e9e sur le <strong>10 000 m marche<\/strong> juniors avec un temps de <strong>50\u201931\u2019\u201907<\/strong>.<\/li>\n\n\n\n<li>Du c\u00f4t\u00e9 des lancers, <strong>Yanis Douadoudi<\/strong>, cadet de <em><strong>l\u2019Athl\u00e9 66 &#8211; S\/l Union Perpignan 66<\/strong>,<\/em> r\u00e9alise un tr\u00e8s bon jet \u00e0 <strong>55,49 m au marteau<\/strong>.<\/li>\n\n\n\n<li>Enfin, en <strong>saut en longueur<\/strong>, <strong>Ilan Berrada<\/strong> (<em><strong>AC Narbonne<\/strong><\/em>), entra\u00een\u00e9 par <strong>Patrice Konan<\/strong>, signe une belle performance lors de la <strong>finale junior<\/strong> avec un bond \u00e0 <strong>7,38 m<\/strong>.<\/li>\n<\/ul>\n\n\n\n<p>L\u2019ensemble de la ligue tient \u00e0 <strong>f\u00e9liciter tous les athl\u00e8tes, entra\u00eeneurs et clubs<\/strong> engag\u00e9s sur ces championnats.<\/p>\n\n\n\n<p>Pour rappel, plusieurs athl\u00e8tes occitans n\u2019\u00e9taient pas pr\u00e9sents ce week-end \u00e0 Saint-\u00c9tienne, pour une bonne raison puisqu&rsquo;ils repr\u00e9sentaient la France lors de comp\u00e9titions internationales. Lors des <strong>Championnats d\u2019Europe U23<\/strong>, cinq athl\u00e8tes repr\u00e9sentaient l\u2019Occitanie : <strong>Lou-Anne Pouzancre-Hoyer<\/strong>, <strong>Mathilde Descoux<\/strong>, <strong>Antoine Ferranti<\/strong>, <strong>Louisa Esmouni<\/strong> et <strong>Youssef Boutayeb<\/strong>.<br>Du c\u00f4t\u00e9 des <strong>FOJE<\/strong>, quatre jeunes talents sont en lice : <strong>Alois Abraham<\/strong>, <strong>Assad Ben-Bahou<\/strong>, <strong>R\u00e9my Mourie<\/strong> et <strong>Kilian Trochain<\/strong>.<\/p>\n\n\n\n<p>Bravo \u00e0 toutes et \u00e0 tous pour ces belles performances qui viennent cl\u00f4turer la saison ! Rendez-vous \u00e0 la rentr\u00e9e pour continuer \u00e0 faire briller l\u2019Occitanie, aussi bien sur la sc\u00e8ne nationale qu\u2019internationale !<\/p>\n\n\n\n<p>Tous les r\u00e9sultats&nbsp;des championnats en&nbsp;<a href=\"https:\/\/bases.athle.fr\/asp.net\/liste.aspx?frmbase=resultats&amp;frmmode=1&amp;frmespace=0&amp;frmcompetition=302348\" target=\"_blank\" rel=\"noreferrer noopener\">cliquant ici<\/a>.<\/p>\n","protected":false},"excerpt":{"rendered":"<p>Ce week-end \u00e0 Saint-\u00c9tienne, les Championnats de France U18, U20 et U23 ont r\u00e9uni les meilleurs jeunes athl\u00e8tes de l\u2019hexagone. Avec 17 m\u00e9dailles remport\u00e9es dont 7 titres nationaux, 5 m\u00e9dailles [&hellip;]<\/p>\n","protected":false},"author":6,"featured_media":12266,"comment_status":"open","ping_status":"open","sticky":false,"template":"","format":"standard","meta":{"site-sidebar-layout":"default","site-content-layout":"","ast-site-content-layout":"default","site-content-style":"default","site-sidebar-style":"default","ast-global-header-display":"","ast-banner-title-visibility":"","ast-main-header-display":"","ast-hfb-above-header-display":"","ast-hfb-below-header-display":"","ast-hfb-mobile-header-display":"","site-post-title":"","ast-breadcrumbs-content":"","ast-featured-img":"","footer-sml-layout":"","ast-disable-related-posts":"","theme-transparent-header-meta":"","adv-header-id-meta":"","stick-header-meta":"","header-above-stick-meta":"","header-main-stick-meta":"","header-below-stick-meta":"","astra-migrate-meta-layouts":"set","ast-page-background-enabled":"default","ast-page-background-meta":{"desktop":{"background-color":"var(--ast-global-color-4)","background-image":"","background-repeat":"repeat","background-position":"center center","background-size":"auto","background-attachment":"scroll","background-type":"","background-media":"","overlay-type":"","overlay-color":"","overlay-opacity":"","overlay-gradient":""},"tablet":{"background-color":"","background-image":"","background-repeat":"repeat","background-position":"center center","background-size":"auto","background-attachment":"scroll","background-type":"","background-media":"","overlay-type":"","overlay-color":"","overlay-opacity":"","overlay-gradient":""},"mobile":{"background-color":"","background-image":"","background-repeat":"repeat","background-position":"center center","background-size":"auto","background-attachment":"scroll","background-type":"","background-media":"","overlay-type":"","overlay-color":"","overlay-opacity":"","overlay-gradient":""}},"ast-content-background-meta":{"desktop":{"background-color":"var(--ast-global-color-5)","background-image":"","background-repeat":"repeat","background-position":"center center","background-size":"auto","background-attachment":"scroll","background-type":"","background-media":"","overlay-type":"","overlay-color":"","overlay-opacity":"","overlay-gradient":""},"tablet":{"background-color":"var(--ast-global-color-5)","background-image":"","background-repeat":"repeat","background-position":"center center","background-size":"auto","background-attachment":"scroll","background-type":"","background-media":"","overlay-type":"","overlay-color":"","overlay-opacity":"","overlay-gradient":""},"mobile":{"background-color":"var(--ast-global-color-5)","background-image":"","background-repeat":"repeat","background-position":"center center","background-size":"auto","background-attachment":"scroll","background-type":"","background-media":"","overlay-type":"","overlay-color":"","overlay-opacity":"","overlay-gradient":""}},"footnotes":""},"categories":[5],"tags":[],"class_list":["post-12265","post","type-post","status-publish","format-standard","has-post-thumbnail","hentry","category-competitions"],"jetpack_featured_media_url":"https:\/\/athle-occitanie.fr\/wp\/wp-content\/uploads\/2025\/07\/Championnats-de-France-Avenir-2025.png","publishpress_future_action":{"enabled":false,"date":"2026-05-07 03:40:01","action":"change-status","newStatus":"draft","terms":[],"taxonomy":"category","extraData":[]},"publishpress_future_workflow_manual_trigger":{"enabledWorkflows":[]},"_links":{"self":[{"href":"https:\/\/athle-occitanie.fr\/wp\/wp-json\/wp\/v2\/posts\/12265","targetHints":{"allow":["GET"]}}],"collection":[{"href":"https:\/\/athle-occitanie.fr\/wp\/wp-json\/wp\/v2\/posts"}],"about":[{"href":"https:\/\/athle-occitanie.fr\/wp\/wp-json\/wp\/v2\/types\/post"}],"author":[{"embeddable":true,"href":"https:\/\/athle-occitanie.fr\/wp\/wp-json\/wp\/v2\/users\/6"}],"replies":[{"embeddable":true,"href":"https:\/\/athle-occitanie.fr\/wp\/wp-json\/wp\/v2\/comments?post=12265"}],"version-history":[{"count":38,"href":"https:\/\/athle-occitanie.fr\/wp\/wp-json\/wp\/v2\/posts\/12265\/revisions"}],"predecessor-version":[{"id":12315,"href":"https:\/\/athle-occitanie.fr\/wp\/wp-json\/wp\/v2\/posts\/12265\/revisions\/12315"}],"wp:featuredmedia":[{"embeddable":true,"href":"https:\/\/athle-occitanie.fr\/wp\/wp-json\/wp\/v2\/media\/12266"}],"wp:attachment":[{"href":"https:\/\/athle-occitanie.fr\/wp\/wp-json\/wp\/v2\/media?parent=12265"}],"wp:term":[{"taxonomy":"category","embeddable":true,"href":"https:\/\/athle-occitanie.fr\/wp\/wp-json\/wp\/v2\/categories?post=12265"},{"taxonomy":"post_tag","embeddable":true,"href":"https:\/\/athle-occitanie.fr\/wp\/wp-json\/wp\/v2\/tags?post=12265"}],"curies":[{"name":"wp","href":"https:\/\/api.w.org\/{rel}","templated":true}]}}