{"id":12224,"date":"2025-07-23T14:00:00","date_gmt":"2025-07-23T12:00:00","guid":{"rendered":"https:\/\/athle-occitanie.fr\/wp\/?p=12224"},"modified":"2025-07-23T09:31:06","modified_gmt":"2025-07-23T07:31:06","slug":"les-championnats-du-monde-off-road-2025-esclops-dazun-et-font-romeu-porteront-les-couleurs-de-la-france-en-espagne","status":"publish","type":"post","link":"https:\/\/athle-occitanie.fr\/wp\/les-championnats-du-monde-off-road-2025-esclops-dazun-et-font-romeu-porteront-les-couleurs-de-la-france-en-espagne\/","title":{"rendered":"Les Championnats du Monde Off-Road 2025 : la s\u00e9lection occitane en route pour repr\u00e9senter la France en Espagne"},"content":{"rendered":"\n<p>La F\u00e9d\u00e9ration Fran\u00e7aise d\u2019Athl\u00e9tisme a d\u00e9voil\u00e9 la s\u00e9lection nationale pour les <strong>Championnats du Monde Off-Road 2025<\/strong>, qui se d\u00e9rouleront en <strong>Espagne du 25 au 28 septembre<\/strong>.<\/p>\n\n\n\n<p>Dans la discipline du <strong>trail court<\/strong>, la France comptera sur un <strong>quatuor Occitans<\/strong>, pr\u00eat \u00e0 d\u00e9fendre haut les couleurs tricolores sur les sentiers.<\/p>\n\n\n\n<ul class=\"wp-block-list\">\n<li><strong>MAGNONE Olivia<\/strong> (<em>Esclops d&rsquo;Azun<\/em>) : Trail court<\/li>\n\n\n\n<li><strong>MENUET Emilie<\/strong> (<em>Athletic Club Font-Romeu<\/em>): Trail court<\/li>\n\n\n\n<li><strong>BAUJARD Johann<\/strong> (<em>Esclops D&rsquo;azun<\/em>) : Trail court<\/li>\n\n\n\n<li><strong>JUILLAGUET Robin<\/strong> (<em>Esclops D&rsquo;azun<\/em>) : Trail long<\/li>\n<\/ul>\n\n\n\n<div class=\"wp-block-jetpack-tiled-gallery aligncenter is-style-columns\"><div class=\"\"><div class=\"tiled-gallery__gallery\"><div class=\"tiled-gallery__row\"><div class=\"tiled-gallery__col\" style=\"flex-basis:21.37447%\"><figure class=\"tiled-gallery__item\"><img decoding=\"async\" alt=\"\" data-height=\"106\" data-id=\"12228\" data-link=\"https:\/\/athle-occitanie.fr\/wp\/?attachment_id=12228\" data-url=\"https:\/\/athle-occitanie.fr\/wp\/wp-content\/uploads\/2025\/07\/Capture-decran-2025-07-17-152015.png\" data-width=\"248\" src=\"https:\/\/i0.wp.com\/athle-occitanie.fr\/wp\/wp-content\/uploads\/2025\/07\/Capture-decran-2025-07-17-152015.png?ssl=1\" data-amp-layout=\"responsive\"\/><\/figure><\/div><div class=\"tiled-gallery__col\" style=\"flex-basis:23.05174%\"><figure class=\"tiled-gallery__item\"><img decoding=\"async\" alt=\"\" data-height=\"99\" data-id=\"12229\" data-link=\"https:\/\/athle-occitanie.fr\/wp\/?attachment_id=12229\" data-url=\"https:\/\/athle-occitanie.fr\/wp\/wp-content\/uploads\/2025\/07\/Capture-decran-2025-07-17-151924.png\" data-width=\"250\" src=\"https:\/\/i0.wp.com\/athle-occitanie.fr\/wp\/wp-content\/uploads\/2025\/07\/Capture-decran-2025-07-17-151924.png?ssl=1\" data-amp-layout=\"responsive\"\/><\/figure><\/div><div class=\"tiled-gallery__col\" style=\"flex-basis:27.87811%\"><figure class=\"tiled-gallery__item\"><img decoding=\"async\" alt=\"\" data-height=\"101\" data-id=\"12231\" data-link=\"https:\/\/athle-occitanie.fr\/wp\/?attachment_id=12231\" data-url=\"https:\/\/athle-occitanie.fr\/wp\/wp-content\/uploads\/2025\/07\/Capture-decran-2025-07-17-151842.png\" data-width=\"309\" src=\"https:\/\/i0.wp.com\/athle-occitanie.fr\/wp\/wp-content\/uploads\/2025\/07\/Capture-decran-2025-07-17-151842.png?ssl=1\" data-amp-layout=\"responsive\"\/><\/figure><\/div><div class=\"tiled-gallery__col\" style=\"flex-basis:27.69568%\"><figure class=\"tiled-gallery__item\"><img decoding=\"async\" alt=\"\" data-height=\"102\" data-id=\"12230\" data-link=\"https:\/\/athle-occitanie.fr\/wp\/?attachment_id=12230\" data-url=\"https:\/\/athle-occitanie.fr\/wp\/wp-content\/uploads\/2025\/07\/Capture-decran-2025-07-17-151818.png\" data-width=\"310\" src=\"https:\/\/i0.wp.com\/athle-occitanie.fr\/wp\/wp-content\/uploads\/2025\/07\/Capture-decran-2025-07-17-151818.png?ssl=1\" data-amp-layout=\"responsive\"\/><\/figure><\/div><\/div><\/div><\/div><\/div>\n\n\n\n<p><\/p>\n\n\n\n<p>En <strong>course en montagne<\/strong>, la France pourra \u00e9galement compter sur un <strong>quatuor occitan<\/strong>, d\u00e9termin\u00e9 \u00e0 porter fi\u00e8rement les couleurs tricolores au sommet.<\/p>\n\n\n\n<ul class=\"wp-block-list\">\n<li><strong>MUGNIER Alice<\/strong> (<em>Satuc Toulouse Athle<\/em>) : Course en Montagne classique U20<\/li>\n\n\n\n<li><strong>CRANSAC-CHAYRIGUES Oscar<\/strong> (<em>Stade Rodez Athl\u00e9tisme<\/em>) : Course en montagne classique U20<\/li>\n\n\n\n<li><strong>PUYDEBOIS Antoine<\/strong> (<em>Grand Toulouse Athl\u00e9tisme<\/em>) : Course en montagne classique U20<\/li>\n\n\n\n<li><strong>CAPELIER Corentin<\/strong> (<em>Athl\u00e9tisme Loz\u00e8re<\/em>) : Course en montagne classique<\/li>\n<\/ul>\n\n\n\n<div class=\"wp-block-jetpack-tiled-gallery aligncenter is-style-columns\"><div class=\"\"><div class=\"tiled-gallery__gallery\"><div class=\"tiled-gallery__row\"><div class=\"tiled-gallery__col\" style=\"flex-basis:25.38498%\"><figure class=\"tiled-gallery__item\"><img decoding=\"async\" alt=\"\" data-height=\"122\" data-id=\"12339\" data-link=\"https:\/\/athle-occitanie.fr\/wp\/?attachment_id=12339\" data-url=\"https:\/\/athle-occitanie.fr\/wp\/wp-content\/uploads\/2025\/07\/Capture-decran-2025-07-23-092203.png\" data-width=\"361\" src=\"https:\/\/i0.wp.com\/athle-occitanie.fr\/wp\/wp-content\/uploads\/2025\/07\/Capture-decran-2025-07-23-092203.png?ssl=1\" data-amp-layout=\"responsive\"\/><\/figure><\/div><div class=\"tiled-gallery__col\" style=\"flex-basis:24.51041%\"><figure class=\"tiled-gallery__item\"><img decoding=\"async\" alt=\"\" data-height=\"132\" data-id=\"12340\" data-link=\"https:\/\/athle-occitanie.fr\/wp\/?attachment_id=12340\" data-url=\"https:\/\/athle-occitanie.fr\/wp\/wp-content\/uploads\/2025\/07\/Capture-decran-2025-07-23-092249.png\" data-width=\"377\" src=\"https:\/\/i0.wp.com\/athle-occitanie.fr\/wp\/wp-content\/uploads\/2025\/07\/Capture-decran-2025-07-23-092249.png?ssl=1\" data-amp-layout=\"responsive\"\/><\/figure><\/div><div class=\"tiled-gallery__col\" style=\"flex-basis:27.40527%\"><figure class=\"tiled-gallery__item\"><img decoding=\"async\" alt=\"\" data-height=\"127\" data-id=\"12341\" data-link=\"https:\/\/athle-occitanie.fr\/wp\/?attachment_id=12341\" data-url=\"https:\/\/athle-occitanie.fr\/wp\/wp-content\/uploads\/2025\/07\/Capture-decran-2025-07-23-092314.png\" data-width=\"406\" src=\"https:\/\/i0.wp.com\/athle-occitanie.fr\/wp\/wp-content\/uploads\/2025\/07\/Capture-decran-2025-07-23-092314.png?ssl=1\" data-amp-layout=\"responsive\"\/><\/figure><\/div><div class=\"tiled-gallery__col\" style=\"flex-basis:22.69934%\"><figure class=\"tiled-gallery__item\"><img decoding=\"async\" alt=\"\" data-height=\"126\" data-id=\"12342\" data-link=\"https:\/\/athle-occitanie.fr\/wp\/?attachment_id=12342\" data-url=\"https:\/\/athle-occitanie.fr\/wp\/wp-content\/uploads\/2025\/07\/Capture-decran-2025-07-23-092344.png\" data-width=\"333\" src=\"https:\/\/i0.wp.com\/athle-occitanie.fr\/wp\/wp-content\/uploads\/2025\/07\/Capture-decran-2025-07-23-092344.png?ssl=1\" data-amp-layout=\"responsive\"\/><\/figure><\/div><\/div><\/div><\/div><\/div>\n\n\n\n<p><\/p>\n\n\n\n<p>F\u00e9licitations aux athl\u00e8tes pour cette s\u00e9lection !<\/p>\n\n\n\n<p>La s\u00e9lection fran\u00e7aise d\u00e9taill\u00e9e en<a href=\"https:\/\/www.athle.fr\/asp.net\/main.html\/html.aspx?htmlid=7066\" target=\"_blank\" rel=\"noreferrer noopener\"><strong> cliquant ici<\/strong><\/a><\/p>\n","protected":false},"excerpt":{"rendered":"<p>La F\u00e9d\u00e9ration Fran\u00e7aise d\u2019Athl\u00e9tisme a d\u00e9voil\u00e9 la s\u00e9lection nationale pour les Championnats du Monde Off-Road 2025, qui se d\u00e9rouleront en Espagne du 25 au 28 septembre. Dans la discipline du [&hellip;]<\/p>\n","protected":false},"author":6,"featured_media":12225,"comment_status":"open","ping_status":"open","sticky":false,"template":"","format":"standard","meta":{"site-sidebar-layout":"default","site-content-layout":"","ast-site-content-layout":"default","site-content-style":"default","site-sidebar-style":"default","ast-global-header-display":"","ast-banner-title-visibility":"","ast-main-header-display":"","ast-hfb-above-header-display":"","ast-hfb-below-header-display":"","ast-hfb-mobile-header-display":"","site-post-title":"","ast-breadcrumbs-content":"","ast-featured-img":"","footer-sml-layout":"","ast-disable-related-posts":"","theme-transparent-header-meta":"","adv-header-id-meta":"","stick-header-meta":"","header-above-stick-meta":"","header-main-stick-meta":"","header-below-stick-meta":"","astra-migrate-meta-layouts":"set","ast-page-background-enabled":"default","ast-page-background-meta":{"desktop":{"background-color":"var(--ast-global-color-4)","background-image":"","background-repeat":"repeat","background-position":"center center","background-size":"auto","background-attachment":"scroll","background-type":"","background-media":"","overlay-type":"","overlay-color":"","overlay-opacity":"","overlay-gradient":""},"tablet":{"background-color":"","background-image":"","background-repeat":"repeat","background-position":"center center","background-size":"auto","background-attachment":"scroll","background-type":"","background-media":"","overlay-type":"","overlay-color":"","overlay-opacity":"","overlay-gradient":""},"mobile":{"background-color":"","background-image":"","background-repeat":"repeat","background-position":"center center","background-size":"auto","background-attachment":"scroll","background-type":"","background-media":"","overlay-type":"","overlay-color":"","overlay-opacity":"","overlay-gradient":""}},"ast-content-background-meta":{"desktop":{"background-color":"var(--ast-global-color-5)","background-image":"","background-repeat":"repeat","background-position":"center center","background-size":"auto","background-attachment":"scroll","background-type":"","background-media":"","overlay-type":"","overlay-color":"","overlay-opacity":"","overlay-gradient":""},"tablet":{"background-color":"var(--ast-global-color-5)","background-image":"","background-repeat":"repeat","background-position":"center center","background-size":"auto","background-attachment":"scroll","background-type":"","background-media":"","overlay-type":"","overlay-color":"","overlay-opacity":"","overlay-gradient":""},"mobile":{"background-color":"var(--ast-global-color-5)","background-image":"","background-repeat":"repeat","background-position":"center center","background-size":"auto","background-attachment":"scroll","background-type":"","background-media":"","overlay-type":"","overlay-color":"","overlay-opacity":"","overlay-gradient":""}},"footnotes":""},"categories":[5],"tags":[],"class_list":["post-12224","post","type-post","status-publish","format-standard","has-post-thumbnail","hentry","category-competitions"],"jetpack_featured_media_url":"https:\/\/athle-occitanie.fr\/wp\/wp-content\/uploads\/2025\/07\/Championnats-du-Monde-Off-Road-2025.png","publishpress_future_action":{"enabled":false,"date":"2026-05-08 12:01:43","action":"change-status","newStatus":"draft","terms":[],"taxonomy":"category","extraData":[]},"publishpress_future_workflow_manual_trigger":{"enabledWorkflows":[]},"_links":{"self":[{"href":"https:\/\/athle-occitanie.fr\/wp\/wp-json\/wp\/v2\/posts\/12224","targetHints":{"allow":["GET"]}}],"collection":[{"href":"https:\/\/athle-occitanie.fr\/wp\/wp-json\/wp\/v2\/posts"}],"about":[{"href":"https:\/\/athle-occitanie.fr\/wp\/wp-json\/wp\/v2\/types\/post"}],"author":[{"embeddable":true,"href":"https:\/\/athle-occitanie.fr\/wp\/wp-json\/wp\/v2\/users\/6"}],"replies":[{"embeddable":true,"href":"https:\/\/athle-occitanie.fr\/wp\/wp-json\/wp\/v2\/comments?post=12224"}],"version-history":[{"count":10,"href":"https:\/\/athle-occitanie.fr\/wp\/wp-json\/wp\/v2\/posts\/12224\/revisions"}],"predecessor-version":[{"id":12347,"href":"https:\/\/athle-occitanie.fr\/wp\/wp-json\/wp\/v2\/posts\/12224\/revisions\/12347"}],"wp:featuredmedia":[{"embeddable":true,"href":"https:\/\/athle-occitanie.fr\/wp\/wp-json\/wp\/v2\/media\/12225"}],"wp:attachment":[{"href":"https:\/\/athle-occitanie.fr\/wp\/wp-json\/wp\/v2\/media?parent=12224"}],"wp:term":[{"taxonomy":"category","embeddable":true,"href":"https:\/\/athle-occitanie.fr\/wp\/wp-json\/wp\/v2\/categories?post=12224"},{"taxonomy":"post_tag","embeddable":true,"href":"https:\/\/athle-occitanie.fr\/wp\/wp-json\/wp\/v2\/tags?post=12224"}],"curies":[{"name":"wp","href":"https:\/\/api.w.org\/{rel}","templated":true}]}}