{"id":11948,"date":"2025-07-01T00:18:37","date_gmt":"2025-06-30T22:18:37","guid":{"rendered":"https:\/\/athle-occitanie.fr\/wp\/?p=11948"},"modified":"2025-07-09T09:58:44","modified_gmt":"2025-07-09T07:58:44","slug":"selection-occitanie-coupe-de-france-des-ligues-2025-a-lens","status":"publish","type":"post","link":"https:\/\/athle-occitanie.fr\/wp\/selection-occitanie-coupe-de-france-des-ligues-2025-a-lens\/","title":{"rendered":"S\u00e9lection Occitanie \u2013 Coupe de France des Ligues 2025 \u00e0 Lens"},"content":{"rendered":"\n<p>L\u2019\u00e9quipe d\u2019Occitanie est pr\u00eate \u00e0 relever le d\u00e9fi national !<\/p>\n\n\n\n<p>La <strong>Ligue d\u2019Athl\u00e9tisme d\u2019Occitanie<\/strong> a le plaisir d\u2019annoncer la <strong>s\u00e9lection officielle des jeunes athl\u00e8tes minimes<\/strong> qui d\u00e9fendront les couleurs de la r\u00e9gion lors de la <strong>Coupe de France des Ligues U16<\/strong>, qui se tiendra \u00e0 <strong>Lens<\/strong>, le <strong>dimanche 14 juillet 2025<\/strong>. Cet \u00e9v\u00e9nement national majeur rassemble les meilleurs athl\u00e8tes des diff\u00e9rentes ligues fran\u00e7aises pour une journ\u00e9e de comp\u00e9tition.<\/p>\n\n\n\n<h5 class=\"wp-block-heading has-vivid-red-color has-text-color has-link-color wp-elements-46f102990265b2800a2dc7adf08192e3\">S\u00e9lection officielle \u2013 \u00c9quipe Minimes Occitanie<\/h5>\n\n\n\n<p>Retrouvez ci-dessous la <strong>liste des athl\u00e8tes retenus<\/strong>, class\u00e9e par ordre alphab\u00e9tique :<\/p>\n\n\n\n<div class=\"wp-block-buttons is-layout-flex wp-block-buttons-is-layout-flex\">\n<div class=\"wp-block-button is-style-fill\"><a class=\"wp-block-button__link has-luminous-vivid-amber-color has-vivid-red-background-color has-text-color has-background has-link-color wp-element-button\" href=\"https:\/\/athle-occitanie.fr\/Documents\/STAGES\/2025\/LENS%202025\/EQUIPE_CDF.pdf\" target=\"_blank\" rel=\"noreferrer noopener\"><strong>S\u00e9lection Occitanie<\/strong><\/a><\/div>\n<\/div>\n\n\n\n<h5 class=\"wp-block-heading has-ast-global-color-0-color has-text-color has-link-color wp-elements-673e43ec7ff6f41f896fe88accafdf33\">Stage pr\u00e9paratoire :<\/h5>\n\n\n\n<p>Afin de pr\u00e9parer cette \u00e9ch\u00e9ance dans les meilleures conditions, un <strong>stage r\u00e9gional<\/strong> organis\u00e9 par la <strong>Ligue d\u2019Athl\u00e9tisme d\u2019Occitanie<\/strong> se tiendra la <strong>semaine pr\u00e9c\u00e9dant la comp\u00e9tition<\/strong> \u00e0 <strong>l&rsquo;Arena de Li\u00e9vin<\/strong>. Ce regroupement permettra aux jeunes athl\u00e8tes de se rencontrer, de s&rsquo;entra\u00eener ensemble, de cr\u00e9er une coh\u00e9sion et d\u2019ajuster les derniers r\u00e9glages techniques sous l\u2019encadrement d\u2019une \u00e9quipe technique r\u00e9gionale.<\/p>\n\n\n\n<p>La Ligue f\u00e9licite l\u2019ensemble des s\u00e9lectionn\u00e9s et leur souhaite le meilleur pour ce grand rendez-vous \u00e0 Lens !<\/p>\n\n\n\n<h5 class=\"wp-block-heading has-ast-global-color-0-color has-text-color has-link-color wp-elements-60961f4aab3cc14a963c31677f77d81e\"><strong>Infos pratiques :<\/strong><\/h5>\n\n\n\n<p class=\"has-ast-global-color-1-color has-text-color has-link-color wp-elements-85251db3a2c76c72c2d162971db01a7a\">Toutes les informations concernant la comp\u00e9tition de la Coupe de France des Ligues Minimes sont \u00e0 retrouver sur le site de la FFA <a href=\"https:\/\/www.athle.fr\/asp.net\/main.html\/html.aspx?htmlid=7029\" target=\"_blank\" rel=\"noreferrer noopener\"><strong><mark style=\"background-color:rgba(0, 0, 0, 0)\" class=\"has-inline-color has-ast-global-color-0-color\">en cliquant ici<\/mark><\/strong><\/a><mark style=\"background-color:rgba(0, 0, 0, 0)\" class=\"has-inline-color has-ast-global-color-0-color\">.<\/mark><\/p>\n\n\n\n<p><\/p>\n","protected":false},"excerpt":{"rendered":"<p>L\u2019\u00e9quipe d\u2019Occitanie est pr\u00eate \u00e0 relever le d\u00e9fi national ! La Ligue d\u2019Athl\u00e9tisme d\u2019Occitanie a le plaisir d\u2019annoncer la s\u00e9lection officielle des jeunes athl\u00e8tes minimes qui d\u00e9fendront les couleurs de [&hellip;]<\/p>\n","protected":false},"author":6,"featured_media":11956,"comment_status":"open","ping_status":"open","sticky":false,"template":"","format":"standard","meta":{"site-sidebar-layout":"default","site-content-layout":"","ast-site-content-layout":"default","site-content-style":"default","site-sidebar-style":"default","ast-global-header-display":"","ast-banner-title-visibility":"","ast-main-header-display":"","ast-hfb-above-header-display":"","ast-hfb-below-header-display":"","ast-hfb-mobile-header-display":"","site-post-title":"","ast-breadcrumbs-content":"","ast-featured-img":"","footer-sml-layout":"","ast-disable-related-posts":"","theme-transparent-header-meta":"","adv-header-id-meta":"","stick-header-meta":"","header-above-stick-meta":"","header-main-stick-meta":"","header-below-stick-meta":"","astra-migrate-meta-layouts":"set","ast-page-background-enabled":"default","ast-page-background-meta":{"desktop":{"background-color":"var(--ast-global-color-4)","background-image":"","background-repeat":"repeat","background-position":"center center","background-size":"auto","background-attachment":"scroll","background-type":"","background-media":"","overlay-type":"","overlay-color":"","overlay-opacity":"","overlay-gradient":""},"tablet":{"background-color":"","background-image":"","background-repeat":"repeat","background-position":"center center","background-size":"auto","background-attachment":"scroll","background-type":"","background-media":"","overlay-type":"","overlay-color":"","overlay-opacity":"","overlay-gradient":""},"mobile":{"background-color":"","background-image":"","background-repeat":"repeat","background-position":"center center","background-size":"auto","background-attachment":"scroll","background-type":"","background-media":"","overlay-type":"","overlay-color":"","overlay-opacity":"","overlay-gradient":""}},"ast-content-background-meta":{"desktop":{"background-color":"var(--ast-global-color-5)","background-image":"","background-repeat":"repeat","background-position":"center center","background-size":"auto","background-attachment":"scroll","background-type":"","background-media":"","overlay-type":"","overlay-color":"","overlay-opacity":"","overlay-gradient":""},"tablet":{"background-color":"var(--ast-global-color-5)","background-image":"","background-repeat":"repeat","background-position":"center center","background-size":"auto","background-attachment":"scroll","background-type":"","background-media":"","overlay-type":"","overlay-color":"","overlay-opacity":"","overlay-gradient":""},"mobile":{"background-color":"var(--ast-global-color-5)","background-image":"","background-repeat":"repeat","background-position":"center center","background-size":"auto","background-attachment":"scroll","background-type":"","background-media":"","overlay-type":"","overlay-color":"","overlay-opacity":"","overlay-gradient":""}},"footnotes":""},"categories":[5],"tags":[],"class_list":["post-11948","post","type-post","status-publish","format-standard","has-post-thumbnail","hentry","category-competitions"],"jetpack_featured_media_url":"https:\/\/athle-occitanie.fr\/wp\/wp-content\/uploads\/2025\/07\/lens2025.jpg","publishpress_future_action":{"enabled":false,"date":"2026-05-07 05:06:16","action":"change-status","newStatus":"draft","terms":[],"taxonomy":"category","extraData":[]},"publishpress_future_workflow_manual_trigger":{"enabledWorkflows":[]},"_links":{"self":[{"href":"https:\/\/athle-occitanie.fr\/wp\/wp-json\/wp\/v2\/posts\/11948","targetHints":{"allow":["GET"]}}],"collection":[{"href":"https:\/\/athle-occitanie.fr\/wp\/wp-json\/wp\/v2\/posts"}],"about":[{"href":"https:\/\/athle-occitanie.fr\/wp\/wp-json\/wp\/v2\/types\/post"}],"author":[{"embeddable":true,"href":"https:\/\/athle-occitanie.fr\/wp\/wp-json\/wp\/v2\/users\/6"}],"replies":[{"embeddable":true,"href":"https:\/\/athle-occitanie.fr\/wp\/wp-json\/wp\/v2\/comments?post=11948"}],"version-history":[{"count":13,"href":"https:\/\/athle-occitanie.fr\/wp\/wp-json\/wp\/v2\/posts\/11948\/revisions"}],"predecessor-version":[{"id":12015,"href":"https:\/\/athle-occitanie.fr\/wp\/wp-json\/wp\/v2\/posts\/11948\/revisions\/12015"}],"wp:featuredmedia":[{"embeddable":true,"href":"https:\/\/athle-occitanie.fr\/wp\/wp-json\/wp\/v2\/media\/11956"}],"wp:attachment":[{"href":"https:\/\/athle-occitanie.fr\/wp\/wp-json\/wp\/v2\/media?parent=11948"}],"wp:term":[{"taxonomy":"category","embeddable":true,"href":"https:\/\/athle-occitanie.fr\/wp\/wp-json\/wp\/v2\/categories?post=11948"},{"taxonomy":"post_tag","embeddable":true,"href":"https:\/\/athle-occitanie.fr\/wp\/wp-json\/wp\/v2\/tags?post=11948"}],"curies":[{"name":"wp","href":"https:\/\/api.w.org\/{rel}","templated":true}]}}